{"id":517,"date":"2023-08-15T23:20:14","date_gmt":"2023-08-15T23:20:14","guid":{"rendered":"https:\/\/fdpatin.cl\/?p=517"},"modified":"2023-08-15T23:20:14","modified_gmt":"2023-08-15T23:20:14","slug":"conformado-el-equipo-de-patin-carrera-para-santiago-2023","status":"publish","type":"post","link":"https:\/\/fdpatin.cl\/index.php\/2023\/08\/15\/conformado-el-equipo-de-patin-carrera-para-santiago-2023\/","title":{"rendered":"Conformado el Equipo de Pat\u00edn Carrera Para Santiago 2023"},"content":{"rendered":"<figure id=\"attachment_518\" aria-describedby=\"caption-attachment-518\" style=\"width: 720px\" class=\"wp-caption aligncenter\"><img fetchpriority=\"high\" decoding=\"async\" class=\"wp-image-518 size-full\" src=\"https:\/\/fdpatin.cl\/wp-content\/uploads\/2023\/08\/silva.jpg\" alt=\"\" width=\"720\" height=\"450\" srcset=\"https:\/\/fdpatin.cl\/wp-content\/uploads\/2023\/08\/silva.jpg 720w, https:\/\/fdpatin.cl\/wp-content\/uploads\/2023\/08\/silva-300x188.jpg 300w\" sizes=\"(max-width: 720px) 100vw, 720px\" \/><figcaption id=\"caption-attachment-518\" class=\"wp-caption-text\">Emanuelle Silva, Javiera San Mart\u00edn, Romina P\u00e9rez y Hugo Ram\u00edrez, por el pat\u00edn carrera, formar\u00e1n parte del Team Chile en Santiago 2023.<\/figcaption><\/figure>\n<p>Los especialistas Javiera San Mart\u00edn, Romina P\u00e9rez, Hugo Ram\u00edrez y Emanuelle Silva ser\u00e1n los representantes del Team Chile en las pruebas de pista del pat\u00edn carrera en los pr\u00f3ximos Juegos Panamericanos de Santiago 2023, fijados para desarrollarse entre el 20 de octubre y 5 de noviembre venideros.<\/p>\n<p>Este cuarteto se conform\u00f3 en funci\u00f3n de los resultados obtenidos por el equipo chileno en el pasado Panamericano espec\u00edfico, desarrollado hace un par de semanas en Medell\u00edn, Colombia.<\/p>\n<p>De esta manera, los especialistas competir\u00e1n, entre otras pruebas, en 200 metros contrarreloj, 500 metros m\u00e1s Distancia, 1.000 metros y 10 mil metros Eliminaci\u00f3n.<\/p>\n<p>Las competencias panamericanas del pat\u00edn carrera se desarrollar\u00e1n en el Patin\u00f3dromo del Estadio Nacional, en donde los principales rivales del representativo nacional ser\u00e1n los corredores de Colombia, Ecuador, Paraguay, Brasil, M\u00e9xico y Estados Unidos.<\/p>\n","protected":false},"excerpt":{"rendered":"<p>Los especialistas Javiera San Mart\u00edn, Romina P\u00e9rez, Hugo Ram\u00edrez y Emanuelle Silva ser\u00e1n los representantes del Team Chile en las pruebas de pista del pat\u00edn carrera en los pr\u00f3ximos Juegos&hellip; <\/p>\n","protected":false},"author":1,"featured_media":518,"comment_status":"open","ping_status":"open","sticky":false,"template":"","format":"standard","meta":{"footnotes":""},"categories":[16],"tags":[75,77,79,86,80,103],"class_list":["post-517","post","type-post","status-publish","format-standard","has-post-thumbnail","hentry","category-institucional","tag-emanuelle-silva","tag-hugo-ramirez","tag-javiera-san-martin","tag-juegos-panamericanos-2023","tag-romina-perez","tag-team-chile"],"yoast_head":"<!-- This site is optimized with the Yoast SEO plugin v25.0 - https:\/\/yoast.com\/wordpress\/plugins\/seo\/ -->\n<title>Conformado el Equipo de Pat\u00edn Carrera Para Santiago 2023 - FD Chilena de Patinaje<\/title>\n<meta name=\"robots\" content=\"index, follow, max-snippet:-1, max-image-preview:large, max-video-preview:-1\" \/>\n<link rel=\"canonical\" href=\"https:\/\/fdpatin.cl\/index.php\/2023\/08\/15\/conformado-el-equipo-de-patin-carrera-para-santiago-2023\/\" \/>\n<meta property=\"og:locale\" content=\"es_ES\" \/>\n<meta property=\"og:type\" content=\"article\" \/>\n<meta property=\"og:title\" content=\"Conformado el Equipo de Pat\u00edn Carrera Para Santiago 2023 - FD Chilena de Patinaje\" \/>\n<meta property=\"og:description\" content=\"Los especialistas Javiera San Mart\u00edn, Romina P\u00e9rez, Hugo Ram\u00edrez y Emanuelle Silva ser\u00e1n los representantes del Team Chile en las pruebas de pista del pat\u00edn carrera en los pr\u00f3ximos Juegos&hellip;\" \/>\n<meta property=\"og:url\" content=\"https:\/\/fdpatin.cl\/index.php\/2023\/08\/15\/conformado-el-equipo-de-patin-carrera-para-santiago-2023\/\" \/>\n<meta property=\"og:site_name\" content=\"FD Chilena de Patinaje\" \/>\n<meta property=\"article:published_time\" content=\"2023-08-15T23:20:14+00:00\" \/>\n<meta property=\"og:image\" content=\"https:\/\/fdpatin.cl\/wp-content\/uploads\/2023\/08\/silva.jpg\" \/>\n\t<meta property=\"og:image:width\" content=\"720\" \/>\n\t<meta property=\"og:image:height\" content=\"450\" \/>\n\t<meta property=\"og:image:type\" content=\"image\/jpeg\" \/>\n<meta name=\"author\" content=\"admin\" \/>\n<meta name=\"twitter:card\" content=\"summary_large_image\" \/>\n<meta name=\"twitter:label1\" content=\"Escrito por\" \/>\n\t<meta name=\"twitter:data1\" content=\"admin\" \/>\n\t<meta name=\"twitter:label2\" content=\"Tiempo de lectura\" \/>\n\t<meta name=\"twitter:data2\" content=\"1 minuto\" \/>\n<script type=\"application\/ld+json\" class=\"yoast-schema-graph\">{\"@context\":\"https:\/\/schema.org\",\"@graph\":[{\"@type\":\"Article\",\"@id\":\"https:\/\/fdpatin.cl\/index.php\/2023\/08\/15\/conformado-el-equipo-de-patin-carrera-para-santiago-2023\/#article\",\"isPartOf\":{\"@id\":\"https:\/\/fdpatin.cl\/index.php\/2023\/08\/15\/conformado-el-equipo-de-patin-carrera-para-santiago-2023\/\"},\"author\":{\"name\":\"admin\",\"@id\":\"https:\/\/fdpatin.cl\/#\/schema\/person\/d6998acd6075ce1c4f791a931dc932c4\"},\"headline\":\"Conformado el Equipo de Pat\u00edn Carrera Para Santiago 2023\",\"datePublished\":\"2023-08-15T23:20:14+00:00\",\"mainEntityOfPage\":{\"@id\":\"https:\/\/fdpatin.cl\/index.php\/2023\/08\/15\/conformado-el-equipo-de-patin-carrera-para-santiago-2023\/\"},\"wordCount\":185,\"commentCount\":0,\"publisher\":{\"@id\":\"https:\/\/fdpatin.cl\/#organization\"},\"image\":{\"@id\":\"https:\/\/fdpatin.cl\/index.php\/2023\/08\/15\/conformado-el-equipo-de-patin-carrera-para-santiago-2023\/#primaryimage\"},\"thumbnailUrl\":\"https:\/\/fdpatin.cl\/wp-content\/uploads\/2023\/08\/silva.jpg\",\"keywords\":[\"Emanuelle Silva\",\"Hugo Ram\u00edrez\",\"Javiera San Mart\u00edn\",\"Juegos Panamericanos 2023\",\"Romina P\u00e9rez\",\"Team Chile\"],\"articleSection\":[\"Institucional\"],\"inLanguage\":\"es\",\"potentialAction\":[{\"@type\":\"CommentAction\",\"name\":\"Comment\",\"target\":[\"https:\/\/fdpatin.cl\/index.php\/2023\/08\/15\/conformado-el-equipo-de-patin-carrera-para-santiago-2023\/#respond\"]}]},{\"@type\":\"WebPage\",\"@id\":\"https:\/\/fdpatin.cl\/index.php\/2023\/08\/15\/conformado-el-equipo-de-patin-carrera-para-santiago-2023\/\",\"url\":\"https:\/\/fdpatin.cl\/index.php\/2023\/08\/15\/conformado-el-equipo-de-patin-carrera-para-santiago-2023\/\",\"name\":\"Conformado el Equipo de Pat\u00edn Carrera Para Santiago 2023 - FD Chilena de Patinaje\",\"isPartOf\":{\"@id\":\"https:\/\/fdpatin.cl\/#website\"},\"primaryImageOfPage\":{\"@id\":\"https:\/\/fdpatin.cl\/index.php\/2023\/08\/15\/conformado-el-equipo-de-patin-carrera-para-santiago-2023\/#primaryimage\"},\"image\":{\"@id\":\"https:\/\/fdpatin.cl\/index.php\/2023\/08\/15\/conformado-el-equipo-de-patin-carrera-para-santiago-2023\/#primaryimage\"},\"thumbnailUrl\":\"https:\/\/fdpatin.cl\/wp-content\/uploads\/2023\/08\/silva.jpg\",\"datePublished\":\"2023-08-15T23:20:14+00:00\",\"breadcrumb\":{\"@id\":\"https:\/\/fdpatin.cl\/index.php\/2023\/08\/15\/conformado-el-equipo-de-patin-carrera-para-santiago-2023\/#breadcrumb\"},\"inLanguage\":\"es\",\"potentialAction\":[{\"@type\":\"ReadAction\",\"target\":[\"https:\/\/fdpatin.cl\/index.php\/2023\/08\/15\/conformado-el-equipo-de-patin-carrera-para-santiago-2023\/\"]}]},{\"@type\":\"ImageObject\",\"inLanguage\":\"es\",\"@id\":\"https:\/\/fdpatin.cl\/index.php\/2023\/08\/15\/conformado-el-equipo-de-patin-carrera-para-santiago-2023\/#primaryimage\",\"url\":\"https:\/\/fdpatin.cl\/wp-content\/uploads\/2023\/08\/silva.jpg\",\"contentUrl\":\"https:\/\/fdpatin.cl\/wp-content\/uploads\/2023\/08\/silva.jpg\",\"width\":720,\"height\":450,\"caption\":\"Emanuelle Silva, Javiera San Mart\u00edn, Romina P\u00e9rez y Hugo Ram\u00edrez, por el pat\u00edn carrera, formar\u00e1n parte del Team Chile en Santiago 2023.\"},{\"@type\":\"BreadcrumbList\",\"@id\":\"https:\/\/fdpatin.cl\/index.php\/2023\/08\/15\/conformado-el-equipo-de-patin-carrera-para-santiago-2023\/#breadcrumb\",\"itemListElement\":[{\"@type\":\"ListItem\",\"position\":1,\"name\":\"Portada\",\"item\":\"https:\/\/fdpatin.cl\/\"},{\"@type\":\"ListItem\",\"position\":2,\"name\":\"Conformado el Equipo de Pat\u00edn Carrera Para Santiago 2023\"}]},{\"@type\":\"WebSite\",\"@id\":\"https:\/\/fdpatin.cl\/#website\",\"url\":\"https:\/\/fdpatin.cl\/\",\"name\":\"FD Chilena de Patinaje\",\"description\":\"\",\"publisher\":{\"@id\":\"https:\/\/fdpatin.cl\/#organization\"},\"potentialAction\":[{\"@type\":\"SearchAction\",\"target\":{\"@type\":\"EntryPoint\",\"urlTemplate\":\"https:\/\/fdpatin.cl\/?s={search_term_string}\"},\"query-input\":{\"@type\":\"PropertyValueSpecification\",\"valueRequired\":true,\"valueName\":\"search_term_string\"}}],\"inLanguage\":\"es\"},{\"@type\":\"Organization\",\"@id\":\"https:\/\/fdpatin.cl\/#organization\",\"name\":\"FD Chilena de Patinaje\",\"url\":\"https:\/\/fdpatin.cl\/\",\"logo\":{\"@type\":\"ImageObject\",\"inLanguage\":\"es\",\"@id\":\"https:\/\/fdpatin.cl\/#\/schema\/logo\/image\/\",\"url\":\"https:\/\/fdpatin.cl\/wp-content\/uploads\/2023\/07\/Logo-fdpatin_new.png\",\"contentUrl\":\"https:\/\/fdpatin.cl\/wp-content\/uploads\/2023\/07\/Logo-fdpatin_new.png\",\"width\":114,\"height\":90,\"caption\":\"FD Chilena de Patinaje\"},\"image\":{\"@id\":\"https:\/\/fdpatin.cl\/#\/schema\/logo\/image\/\"}},{\"@type\":\"Person\",\"@id\":\"https:\/\/fdpatin.cl\/#\/schema\/person\/d6998acd6075ce1c4f791a931dc932c4\",\"name\":\"admin\",\"image\":{\"@type\":\"ImageObject\",\"inLanguage\":\"es\",\"@id\":\"https:\/\/fdpatin.cl\/#\/schema\/person\/image\/\",\"url\":\"https:\/\/secure.gravatar.com\/avatar\/3cd05e3a1d80656f5e9f6dd0a2ca93e0627323057146c6291766f7b7f8055955?s=96&d=mm&r=g\",\"contentUrl\":\"https:\/\/secure.gravatar.com\/avatar\/3cd05e3a1d80656f5e9f6dd0a2ca93e0627323057146c6291766f7b7f8055955?s=96&d=mm&r=g\",\"caption\":\"admin\"},\"sameAs\":[\"https:\/\/fdpatin.cl\"],\"url\":\"https:\/\/fdpatin.cl\/index.php\/author\/adminfdn\/\"}]}<\/script>\n<!-- \/ Yoast SEO plugin. -->","yoast_head_json":{"title":"Conformado el Equipo de Pat\u00edn Carrera Para Santiago 2023 - FD Chilena de Patinaje","robots":{"index":"index","follow":"follow","max-snippet":"max-snippet:-1","max-image-preview":"max-image-preview:large","max-video-preview":"max-video-preview:-1"},"canonical":"https:\/\/fdpatin.cl\/index.php\/2023\/08\/15\/conformado-el-equipo-de-patin-carrera-para-santiago-2023\/","og_locale":"es_ES","og_type":"article","og_title":"Conformado el Equipo de Pat\u00edn Carrera Para Santiago 2023 - FD Chilena de Patinaje","og_description":"Los especialistas Javiera San Mart\u00edn, Romina P\u00e9rez, Hugo Ram\u00edrez y Emanuelle Silva ser\u00e1n los representantes del Team Chile en las pruebas de pista del pat\u00edn carrera en los pr\u00f3ximos Juegos&hellip;","og_url":"https:\/\/fdpatin.cl\/index.php\/2023\/08\/15\/conformado-el-equipo-de-patin-carrera-para-santiago-2023\/","og_site_name":"FD Chilena de Patinaje","article_published_time":"2023-08-15T23:20:14+00:00","og_image":[{"width":720,"height":450,"url":"https:\/\/fdpatin.cl\/wp-content\/uploads\/2023\/08\/silva.jpg","type":"image\/jpeg"}],"author":"admin","twitter_card":"summary_large_image","twitter_misc":{"Escrito por":"admin","Tiempo de lectura":"1 minuto"},"schema":{"@context":"https:\/\/schema.org","@graph":[{"@type":"Article","@id":"https:\/\/fdpatin.cl\/index.php\/2023\/08\/15\/conformado-el-equipo-de-patin-carrera-para-santiago-2023\/#article","isPartOf":{"@id":"https:\/\/fdpatin.cl\/index.php\/2023\/08\/15\/conformado-el-equipo-de-patin-carrera-para-santiago-2023\/"},"author":{"name":"admin","@id":"https:\/\/fdpatin.cl\/#\/schema\/person\/d6998acd6075ce1c4f791a931dc932c4"},"headline":"Conformado el Equipo de Pat\u00edn Carrera Para Santiago 2023","datePublished":"2023-08-15T23:20:14+00:00","mainEntityOfPage":{"@id":"https:\/\/fdpatin.cl\/index.php\/2023\/08\/15\/conformado-el-equipo-de-patin-carrera-para-santiago-2023\/"},"wordCount":185,"commentCount":0,"publisher":{"@id":"https:\/\/fdpatin.cl\/#organization"},"image":{"@id":"https:\/\/fdpatin.cl\/index.php\/2023\/08\/15\/conformado-el-equipo-de-patin-carrera-para-santiago-2023\/#primaryimage"},"thumbnailUrl":"https:\/\/fdpatin.cl\/wp-content\/uploads\/2023\/08\/silva.jpg","keywords":["Emanuelle Silva","Hugo Ram\u00edrez","Javiera San Mart\u00edn","Juegos Panamericanos 2023","Romina P\u00e9rez","Team Chile"],"articleSection":["Institucional"],"inLanguage":"es","potentialAction":[{"@type":"CommentAction","name":"Comment","target":["https:\/\/fdpatin.cl\/index.php\/2023\/08\/15\/conformado-el-equipo-de-patin-carrera-para-santiago-2023\/#respond"]}]},{"@type":"WebPage","@id":"https:\/\/fdpatin.cl\/index.php\/2023\/08\/15\/conformado-el-equipo-de-patin-carrera-para-santiago-2023\/","url":"https:\/\/fdpatin.cl\/index.php\/2023\/08\/15\/conformado-el-equipo-de-patin-carrera-para-santiago-2023\/","name":"Conformado el Equipo de Pat\u00edn Carrera Para Santiago 2023 - FD Chilena de Patinaje","isPartOf":{"@id":"https:\/\/fdpatin.cl\/#website"},"primaryImageOfPage":{"@id":"https:\/\/fdpatin.cl\/index.php\/2023\/08\/15\/conformado-el-equipo-de-patin-carrera-para-santiago-2023\/#primaryimage"},"image":{"@id":"https:\/\/fdpatin.cl\/index.php\/2023\/08\/15\/conformado-el-equipo-de-patin-carrera-para-santiago-2023\/#primaryimage"},"thumbnailUrl":"https:\/\/fdpatin.cl\/wp-content\/uploads\/2023\/08\/silva.jpg","datePublished":"2023-08-15T23:20:14+00:00","breadcrumb":{"@id":"https:\/\/fdpatin.cl\/index.php\/2023\/08\/15\/conformado-el-equipo-de-patin-carrera-para-santiago-2023\/#breadcrumb"},"inLanguage":"es","potentialAction":[{"@type":"ReadAction","target":["https:\/\/fdpatin.cl\/index.php\/2023\/08\/15\/conformado-el-equipo-de-patin-carrera-para-santiago-2023\/"]}]},{"@type":"ImageObject","inLanguage":"es","@id":"https:\/\/fdpatin.cl\/index.php\/2023\/08\/15\/conformado-el-equipo-de-patin-carrera-para-santiago-2023\/#primaryimage","url":"https:\/\/fdpatin.cl\/wp-content\/uploads\/2023\/08\/silva.jpg","contentUrl":"https:\/\/fdpatin.cl\/wp-content\/uploads\/2023\/08\/silva.jpg","width":720,"height":450,"caption":"Emanuelle Silva, Javiera San Mart\u00edn, Romina P\u00e9rez y Hugo Ram\u00edrez, por el pat\u00edn carrera, formar\u00e1n parte del Team Chile en Santiago 2023."},{"@type":"BreadcrumbList","@id":"https:\/\/fdpatin.cl\/index.php\/2023\/08\/15\/conformado-el-equipo-de-patin-carrera-para-santiago-2023\/#breadcrumb","itemListElement":[{"@type":"ListItem","position":1,"name":"Portada","item":"https:\/\/fdpatin.cl\/"},{"@type":"ListItem","position":2,"name":"Conformado el Equipo de Pat\u00edn Carrera Para Santiago 2023"}]},{"@type":"WebSite","@id":"https:\/\/fdpatin.cl\/#website","url":"https:\/\/fdpatin.cl\/","name":"FD Chilena de Patinaje","description":"","publisher":{"@id":"https:\/\/fdpatin.cl\/#organization"},"potentialAction":[{"@type":"SearchAction","target":{"@type":"EntryPoint","urlTemplate":"https:\/\/fdpatin.cl\/?s={search_term_string}"},"query-input":{"@type":"PropertyValueSpecification","valueRequired":true,"valueName":"search_term_string"}}],"inLanguage":"es"},{"@type":"Organization","@id":"https:\/\/fdpatin.cl\/#organization","name":"FD Chilena de Patinaje","url":"https:\/\/fdpatin.cl\/","logo":{"@type":"ImageObject","inLanguage":"es","@id":"https:\/\/fdpatin.cl\/#\/schema\/logo\/image\/","url":"https:\/\/fdpatin.cl\/wp-content\/uploads\/2023\/07\/Logo-fdpatin_new.png","contentUrl":"https:\/\/fdpatin.cl\/wp-content\/uploads\/2023\/07\/Logo-fdpatin_new.png","width":114,"height":90,"caption":"FD Chilena de Patinaje"},"image":{"@id":"https:\/\/fdpatin.cl\/#\/schema\/logo\/image\/"}},{"@type":"Person","@id":"https:\/\/fdpatin.cl\/#\/schema\/person\/d6998acd6075ce1c4f791a931dc932c4","name":"admin","image":{"@type":"ImageObject","inLanguage":"es","@id":"https:\/\/fdpatin.cl\/#\/schema\/person\/image\/","url":"https:\/\/secure.gravatar.com\/avatar\/3cd05e3a1d80656f5e9f6dd0a2ca93e0627323057146c6291766f7b7f8055955?s=96&d=mm&r=g","contentUrl":"https:\/\/secure.gravatar.com\/avatar\/3cd05e3a1d80656f5e9f6dd0a2ca93e0627323057146c6291766f7b7f8055955?s=96&d=mm&r=g","caption":"admin"},"sameAs":["https:\/\/fdpatin.cl"],"url":"https:\/\/fdpatin.cl\/index.php\/author\/adminfdn\/"}]}},"_links":{"self":[{"href":"https:\/\/fdpatin.cl\/index.php\/wp-json\/wp\/v2\/posts\/517","targetHints":{"allow":["GET"]}}],"collection":[{"href":"https:\/\/fdpatin.cl\/index.php\/wp-json\/wp\/v2\/posts"}],"about":[{"href":"https:\/\/fdpatin.cl\/index.php\/wp-json\/wp\/v2\/types\/post"}],"author":[{"embeddable":true,"href":"https:\/\/fdpatin.cl\/index.php\/wp-json\/wp\/v2\/users\/1"}],"replies":[{"embeddable":true,"href":"https:\/\/fdpatin.cl\/index.php\/wp-json\/wp\/v2\/comments?post=517"}],"version-history":[{"count":1,"href":"https:\/\/fdpatin.cl\/index.php\/wp-json\/wp\/v2\/posts\/517\/revisions"}],"predecessor-version":[{"id":519,"href":"https:\/\/fdpatin.cl\/index.php\/wp-json\/wp\/v2\/posts\/517\/revisions\/519"}],"wp:featuredmedia":[{"embeddable":true,"href":"https:\/\/fdpatin.cl\/index.php\/wp-json\/wp\/v2\/media\/518"}],"wp:attachment":[{"href":"https:\/\/fdpatin.cl\/index.php\/wp-json\/wp\/v2\/media?parent=517"}],"wp:term":[{"taxonomy":"category","embeddable":true,"href":"https:\/\/fdpatin.cl\/index.php\/wp-json\/wp\/v2\/categories?post=517"},{"taxonomy":"post_tag","embeddable":true,"href":"https:\/\/fdpatin.cl\/index.php\/wp-json\/wp\/v2\/tags?post=517"}],"curies":[{"name":"wp","href":"https:\/\/api.w.org\/{rel}","templated":true}]}}