{"id":304,"date":"2023-08-06T01:58:29","date_gmt":"2023-08-06T01:58:29","guid":{"rendered":"https:\/\/fdpatin.cl\/?p=304"},"modified":"2023-08-07T02:01:32","modified_gmt":"2023-08-07T02:01:32","slug":"chile-logra-el-tercer-puesto-en-el-panamericano-especifico-de-patin-carrera","status":"publish","type":"post","link":"https:\/\/fdpatin.cl\/index.php\/2023\/08\/06\/chile-logra-el-tercer-puesto-en-el-panamericano-especifico-de-patin-carrera\/","title":{"rendered":"Chile Logra el Tercer Puesto en el Panamericano Espec\u00edfico de Pat\u00edn Carrera"},"content":{"rendered":"<figure id=\"attachment_305\" aria-describedby=\"caption-attachment-305\" style=\"width: 720px\" class=\"wp-caption aligncenter\"><img fetchpriority=\"high\" decoding=\"async\" class=\"wp-image-305 size-full\" src=\"https:\/\/fdpatin.cl\/wp-content\/uploads\/2023\/08\/emmanuel_silva.jpg\" alt=\"\" width=\"720\" height=\"450\" srcset=\"https:\/\/fdpatin.cl\/wp-content\/uploads\/2023\/08\/emmanuel_silva.jpg 720w, https:\/\/fdpatin.cl\/wp-content\/uploads\/2023\/08\/emmanuel_silva-300x188.jpg 300w\" sizes=\"(max-width: 720px) 100vw, 720px\" \/><figcaption id=\"caption-attachment-305\" class=\"wp-caption-text\">Emanuelle Silva obtuvo una medalla de oro y otra de plata en Medell\u00edn.<\/figcaption><\/figure>\n<p>Con un saldo de dos medallas de oro, tres de plata y cuatro de bronce finaliz\u00f3 la intervenci\u00f3n de nuestro representativo en el Panamericano Espec\u00edfico realizado en el Patin\u00f3dromo Guillermo Le\u00f3n Botero de Medell\u00edn, Colombia. De esta manera, el equipo chileno se ubic\u00f3 en el tercer puesto del medallero tras Colombia y Ecuador.<\/p>\n<p>La presea dorada la alcanz\u00f3 Emanuelle Silva en la prueba de los 200 metros contrarreloj meta contra meta; y Lucas Silva en 1.000 metros sprint.<\/p>\n<p>Las medallas de plata corrieron por cuenta de Hugo Ram\u00edrez en los 10.000 metros Eliminaci\u00f3n; Fabi\u00e1n D\u00edaz en 10.000 metros mixta; y el ya mencionado Emanuelle Silva en 100 metros sprint.<\/p>\n<p>Los bronces fueron de Javiera San Mart\u00edn en 10.000 metros Eliminaci\u00f3n; Romina P\u00e9rez, en 1.000 metros sprint; Gabriel Reyes, en 10.000 metros mixta; y, Cris Verdugo, en One Lap.<\/p>\n<p>El equipo nacional estuvo dirigido por los coordinadores Sebasti\u00e1n Cerda, Pamela Verdugo y Gustavo Aguilera.<\/p>\n<figure id=\"attachment_306\" aria-describedby=\"caption-attachment-306\" style=\"width: 720px\" class=\"wp-caption aligncenter\"><img decoding=\"async\" class=\"wp-image-306 size-full\" src=\"https:\/\/fdpatin.cl\/wp-content\/uploads\/2023\/08\/patin_carrera.jpg\" alt=\"\" width=\"720\" height=\"450\" srcset=\"https:\/\/fdpatin.cl\/wp-content\/uploads\/2023\/08\/patin_carrera.jpg 720w, https:\/\/fdpatin.cl\/wp-content\/uploads\/2023\/08\/patin_carrera-300x188.jpg 300w\" sizes=\"(max-width: 720px) 100vw, 720px\" \/><figcaption id=\"caption-attachment-306\" class=\"wp-caption-text\">Los coordinadores del equipo chileno: Sebasti\u00e1n Cerda, Pamela Verdugo y Gustavo Aguilera.<\/figcaption><\/figure>\n","protected":false},"excerpt":{"rendered":"<p>Con un saldo de dos medallas de oro, tres de plata y cuatro de bronce finaliz\u00f3 la intervenci\u00f3n de nuestro representativo en el Panamericano Espec\u00edfico realizado en el Patin\u00f3dromo Guillermo&hellip; <\/p>\n","protected":false},"author":1,"featured_media":305,"comment_status":"open","ping_status":"open","sticky":false,"template":"","format":"standard","meta":{"footnotes":""},"categories":[45],"tags":[82,75,78,81,74,77,79,76,70,73,69,71,80,72],"class_list":["post-304","post","type-post","status-publish","format-standard","has-post-thumbnail","hentry","category-patin-carrera","tag-cris-verdugo","tag-emanuelle-silva","tag-fabian-diaz","tag-gabriel-reyes","tag-gustavo-aguilera","tag-hugo-ramirez","tag-javiera-san-martin","tag-lucas-silva","tag-medellin","tag-pamela-verdugo","tag-panamericano-especifico-de-patin-carrera","tag-patinodromo-guillermo-leon-botero","tag-romina-perez","tag-sebastian-cerda"],"yoast_head":"<!-- This site is optimized with the Yoast SEO plugin v25.0 - https:\/\/yoast.com\/wordpress\/plugins\/seo\/ -->\n<title>Chile Logra el Tercer Puesto en el Panamericano Espec\u00edfico de Pat\u00edn Carrera - FD Chilena de Patinaje<\/title>\n<meta name=\"robots\" content=\"index, follow, max-snippet:-1, max-image-preview:large, max-video-preview:-1\" \/>\n<link rel=\"canonical\" href=\"https:\/\/fdpatin.cl\/index.php\/2023\/08\/06\/chile-logra-el-tercer-puesto-en-el-panamericano-especifico-de-patin-carrera\/\" \/>\n<meta property=\"og:locale\" content=\"es_ES\" \/>\n<meta property=\"og:type\" content=\"article\" \/>\n<meta property=\"og:title\" content=\"Chile Logra el Tercer Puesto en el Panamericano Espec\u00edfico de Pat\u00edn Carrera - FD Chilena de Patinaje\" \/>\n<meta property=\"og:description\" content=\"Con un saldo de dos medallas de oro, tres de plata y cuatro de bronce finaliz\u00f3 la intervenci\u00f3n de nuestro representativo en el Panamericano Espec\u00edfico realizado en el Patin\u00f3dromo Guillermo&hellip;\" \/>\n<meta property=\"og:url\" content=\"https:\/\/fdpatin.cl\/index.php\/2023\/08\/06\/chile-logra-el-tercer-puesto-en-el-panamericano-especifico-de-patin-carrera\/\" \/>\n<meta property=\"og:site_name\" content=\"FD Chilena de Patinaje\" \/>\n<meta property=\"article:published_time\" content=\"2023-08-06T01:58:29+00:00\" \/>\n<meta property=\"article:modified_time\" content=\"2023-08-07T02:01:32+00:00\" \/>\n<meta property=\"og:image\" content=\"https:\/\/fdpatin.cl\/wp-content\/uploads\/2023\/08\/emmanuel_silva.jpg\" \/>\n\t<meta property=\"og:image:width\" content=\"720\" \/>\n\t<meta property=\"og:image:height\" content=\"450\" \/>\n\t<meta property=\"og:image:type\" content=\"image\/jpeg\" \/>\n<meta name=\"author\" content=\"admin\" \/>\n<meta name=\"twitter:card\" content=\"summary_large_image\" \/>\n<meta name=\"twitter:label1\" content=\"Escrito por\" \/>\n\t<meta name=\"twitter:data1\" content=\"admin\" \/>\n\t<meta name=\"twitter:label2\" content=\"Tiempo de lectura\" \/>\n\t<meta name=\"twitter:data2\" content=\"2 minutos\" \/>\n<script type=\"application\/ld+json\" class=\"yoast-schema-graph\">{\"@context\":\"https:\/\/schema.org\",\"@graph\":[{\"@type\":\"Article\",\"@id\":\"https:\/\/fdpatin.cl\/index.php\/2023\/08\/06\/chile-logra-el-tercer-puesto-en-el-panamericano-especifico-de-patin-carrera\/#article\",\"isPartOf\":{\"@id\":\"https:\/\/fdpatin.cl\/index.php\/2023\/08\/06\/chile-logra-el-tercer-puesto-en-el-panamericano-especifico-de-patin-carrera\/\"},\"author\":{\"name\":\"admin\",\"@id\":\"https:\/\/fdpatin.cl\/#\/schema\/person\/d6998acd6075ce1c4f791a931dc932c4\"},\"headline\":\"Chile Logra el Tercer Puesto en el Panamericano Espec\u00edfico de Pat\u00edn Carrera\",\"datePublished\":\"2023-08-06T01:58:29+00:00\",\"dateModified\":\"2023-08-07T02:01:32+00:00\",\"mainEntityOfPage\":{\"@id\":\"https:\/\/fdpatin.cl\/index.php\/2023\/08\/06\/chile-logra-el-tercer-puesto-en-el-panamericano-especifico-de-patin-carrera\/\"},\"wordCount\":213,\"commentCount\":0,\"publisher\":{\"@id\":\"https:\/\/fdpatin.cl\/#organization\"},\"image\":{\"@id\":\"https:\/\/fdpatin.cl\/index.php\/2023\/08\/06\/chile-logra-el-tercer-puesto-en-el-panamericano-especifico-de-patin-carrera\/#primaryimage\"},\"thumbnailUrl\":\"https:\/\/fdpatin.cl\/wp-content\/uploads\/2023\/08\/emmanuel_silva.jpg\",\"keywords\":[\"Cris Verdugo\",\"Emanuelle Silva\",\"Fabi\u00e1n D\u00edaz\",\"Gabriel Reyes\",\"Gustavo Aguilera\",\"Hugo Ram\u00edrez\",\"Javiera San Mart\u00edn\",\"Lucas Silva\",\"Medell\u00edn\",\"Pamela Verdugo\",\"Panamericano Espec\u00edfico de Pat\u00edn Carrera\",\"Patin\u00f3dromo Guillermo Le\u00f3n Botero\",\"Romina P\u00e9rez\",\"Sebasti\u00e1n Cerda\"],\"articleSection\":[\"Pat\u00edn Carrera\"],\"inLanguage\":\"es\",\"potentialAction\":[{\"@type\":\"CommentAction\",\"name\":\"Comment\",\"target\":[\"https:\/\/fdpatin.cl\/index.php\/2023\/08\/06\/chile-logra-el-tercer-puesto-en-el-panamericano-especifico-de-patin-carrera\/#respond\"]}]},{\"@type\":\"WebPage\",\"@id\":\"https:\/\/fdpatin.cl\/index.php\/2023\/08\/06\/chile-logra-el-tercer-puesto-en-el-panamericano-especifico-de-patin-carrera\/\",\"url\":\"https:\/\/fdpatin.cl\/index.php\/2023\/08\/06\/chile-logra-el-tercer-puesto-en-el-panamericano-especifico-de-patin-carrera\/\",\"name\":\"Chile Logra el Tercer Puesto en el Panamericano Espec\u00edfico de Pat\u00edn Carrera - FD Chilena de Patinaje\",\"isPartOf\":{\"@id\":\"https:\/\/fdpatin.cl\/#website\"},\"primaryImageOfPage\":{\"@id\":\"https:\/\/fdpatin.cl\/index.php\/2023\/08\/06\/chile-logra-el-tercer-puesto-en-el-panamericano-especifico-de-patin-carrera\/#primaryimage\"},\"image\":{\"@id\":\"https:\/\/fdpatin.cl\/index.php\/2023\/08\/06\/chile-logra-el-tercer-puesto-en-el-panamericano-especifico-de-patin-carrera\/#primaryimage\"},\"thumbnailUrl\":\"https:\/\/fdpatin.cl\/wp-content\/uploads\/2023\/08\/emmanuel_silva.jpg\",\"datePublished\":\"2023-08-06T01:58:29+00:00\",\"dateModified\":\"2023-08-07T02:01:32+00:00\",\"breadcrumb\":{\"@id\":\"https:\/\/fdpatin.cl\/index.php\/2023\/08\/06\/chile-logra-el-tercer-puesto-en-el-panamericano-especifico-de-patin-carrera\/#breadcrumb\"},\"inLanguage\":\"es\",\"potentialAction\":[{\"@type\":\"ReadAction\",\"target\":[\"https:\/\/fdpatin.cl\/index.php\/2023\/08\/06\/chile-logra-el-tercer-puesto-en-el-panamericano-especifico-de-patin-carrera\/\"]}]},{\"@type\":\"ImageObject\",\"inLanguage\":\"es\",\"@id\":\"https:\/\/fdpatin.cl\/index.php\/2023\/08\/06\/chile-logra-el-tercer-puesto-en-el-panamericano-especifico-de-patin-carrera\/#primaryimage\",\"url\":\"https:\/\/fdpatin.cl\/wp-content\/uploads\/2023\/08\/emmanuel_silva.jpg\",\"contentUrl\":\"https:\/\/fdpatin.cl\/wp-content\/uploads\/2023\/08\/emmanuel_silva.jpg\",\"width\":720,\"height\":450,\"caption\":\"Emanuelle Silva obtuvo una medalla de oro y otra de plata en Medell\u00edn.\"},{\"@type\":\"BreadcrumbList\",\"@id\":\"https:\/\/fdpatin.cl\/index.php\/2023\/08\/06\/chile-logra-el-tercer-puesto-en-el-panamericano-especifico-de-patin-carrera\/#breadcrumb\",\"itemListElement\":[{\"@type\":\"ListItem\",\"position\":1,\"name\":\"Portada\",\"item\":\"https:\/\/fdpatin.cl\/\"},{\"@type\":\"ListItem\",\"position\":2,\"name\":\"Chile Logra el Tercer Puesto en el Panamericano Espec\u00edfico de Pat\u00edn Carrera\"}]},{\"@type\":\"WebSite\",\"@id\":\"https:\/\/fdpatin.cl\/#website\",\"url\":\"https:\/\/fdpatin.cl\/\",\"name\":\"FD Chilena de Patinaje\",\"description\":\"\",\"publisher\":{\"@id\":\"https:\/\/fdpatin.cl\/#organization\"},\"potentialAction\":[{\"@type\":\"SearchAction\",\"target\":{\"@type\":\"EntryPoint\",\"urlTemplate\":\"https:\/\/fdpatin.cl\/?s={search_term_string}\"},\"query-input\":{\"@type\":\"PropertyValueSpecification\",\"valueRequired\":true,\"valueName\":\"search_term_string\"}}],\"inLanguage\":\"es\"},{\"@type\":\"Organization\",\"@id\":\"https:\/\/fdpatin.cl\/#organization\",\"name\":\"FD Chilena de Patinaje\",\"url\":\"https:\/\/fdpatin.cl\/\",\"logo\":{\"@type\":\"ImageObject\",\"inLanguage\":\"es\",\"@id\":\"https:\/\/fdpatin.cl\/#\/schema\/logo\/image\/\",\"url\":\"https:\/\/fdpatin.cl\/wp-content\/uploads\/2023\/07\/Logo-fdpatin_new.png\",\"contentUrl\":\"https:\/\/fdpatin.cl\/wp-content\/uploads\/2023\/07\/Logo-fdpatin_new.png\",\"width\":114,\"height\":90,\"caption\":\"FD Chilena de Patinaje\"},\"image\":{\"@id\":\"https:\/\/fdpatin.cl\/#\/schema\/logo\/image\/\"}},{\"@type\":\"Person\",\"@id\":\"https:\/\/fdpatin.cl\/#\/schema\/person\/d6998acd6075ce1c4f791a931dc932c4\",\"name\":\"admin\",\"image\":{\"@type\":\"ImageObject\",\"inLanguage\":\"es\",\"@id\":\"https:\/\/fdpatin.cl\/#\/schema\/person\/image\/\",\"url\":\"https:\/\/secure.gravatar.com\/avatar\/3cd05e3a1d80656f5e9f6dd0a2ca93e0627323057146c6291766f7b7f8055955?s=96&d=mm&r=g\",\"contentUrl\":\"https:\/\/secure.gravatar.com\/avatar\/3cd05e3a1d80656f5e9f6dd0a2ca93e0627323057146c6291766f7b7f8055955?s=96&d=mm&r=g\",\"caption\":\"admin\"},\"sameAs\":[\"https:\/\/fdpatin.cl\"],\"url\":\"https:\/\/fdpatin.cl\/index.php\/author\/adminfdn\/\"}]}<\/script>\n<!-- \/ Yoast SEO plugin. -->","yoast_head_json":{"title":"Chile Logra el Tercer Puesto en el Panamericano Espec\u00edfico de Pat\u00edn Carrera - FD Chilena de Patinaje","robots":{"index":"index","follow":"follow","max-snippet":"max-snippet:-1","max-image-preview":"max-image-preview:large","max-video-preview":"max-video-preview:-1"},"canonical":"https:\/\/fdpatin.cl\/index.php\/2023\/08\/06\/chile-logra-el-tercer-puesto-en-el-panamericano-especifico-de-patin-carrera\/","og_locale":"es_ES","og_type":"article","og_title":"Chile Logra el Tercer Puesto en el Panamericano Espec\u00edfico de Pat\u00edn Carrera - FD Chilena de Patinaje","og_description":"Con un saldo de dos medallas de oro, tres de plata y cuatro de bronce finaliz\u00f3 la intervenci\u00f3n de nuestro representativo en el Panamericano Espec\u00edfico realizado en el Patin\u00f3dromo Guillermo&hellip;","og_url":"https:\/\/fdpatin.cl\/index.php\/2023\/08\/06\/chile-logra-el-tercer-puesto-en-el-panamericano-especifico-de-patin-carrera\/","og_site_name":"FD Chilena de Patinaje","article_published_time":"2023-08-06T01:58:29+00:00","article_modified_time":"2023-08-07T02:01:32+00:00","og_image":[{"width":720,"height":450,"url":"https:\/\/fdpatin.cl\/wp-content\/uploads\/2023\/08\/emmanuel_silva.jpg","type":"image\/jpeg"}],"author":"admin","twitter_card":"summary_large_image","twitter_misc":{"Escrito por":"admin","Tiempo de lectura":"2 minutos"},"schema":{"@context":"https:\/\/schema.org","@graph":[{"@type":"Article","@id":"https:\/\/fdpatin.cl\/index.php\/2023\/08\/06\/chile-logra-el-tercer-puesto-en-el-panamericano-especifico-de-patin-carrera\/#article","isPartOf":{"@id":"https:\/\/fdpatin.cl\/index.php\/2023\/08\/06\/chile-logra-el-tercer-puesto-en-el-panamericano-especifico-de-patin-carrera\/"},"author":{"name":"admin","@id":"https:\/\/fdpatin.cl\/#\/schema\/person\/d6998acd6075ce1c4f791a931dc932c4"},"headline":"Chile Logra el Tercer Puesto en el Panamericano Espec\u00edfico de Pat\u00edn Carrera","datePublished":"2023-08-06T01:58:29+00:00","dateModified":"2023-08-07T02:01:32+00:00","mainEntityOfPage":{"@id":"https:\/\/fdpatin.cl\/index.php\/2023\/08\/06\/chile-logra-el-tercer-puesto-en-el-panamericano-especifico-de-patin-carrera\/"},"wordCount":213,"commentCount":0,"publisher":{"@id":"https:\/\/fdpatin.cl\/#organization"},"image":{"@id":"https:\/\/fdpatin.cl\/index.php\/2023\/08\/06\/chile-logra-el-tercer-puesto-en-el-panamericano-especifico-de-patin-carrera\/#primaryimage"},"thumbnailUrl":"https:\/\/fdpatin.cl\/wp-content\/uploads\/2023\/08\/emmanuel_silva.jpg","keywords":["Cris Verdugo","Emanuelle Silva","Fabi\u00e1n D\u00edaz","Gabriel Reyes","Gustavo Aguilera","Hugo Ram\u00edrez","Javiera San Mart\u00edn","Lucas Silva","Medell\u00edn","Pamela Verdugo","Panamericano Espec\u00edfico de Pat\u00edn Carrera","Patin\u00f3dromo Guillermo Le\u00f3n Botero","Romina P\u00e9rez","Sebasti\u00e1n Cerda"],"articleSection":["Pat\u00edn Carrera"],"inLanguage":"es","potentialAction":[{"@type":"CommentAction","name":"Comment","target":["https:\/\/fdpatin.cl\/index.php\/2023\/08\/06\/chile-logra-el-tercer-puesto-en-el-panamericano-especifico-de-patin-carrera\/#respond"]}]},{"@type":"WebPage","@id":"https:\/\/fdpatin.cl\/index.php\/2023\/08\/06\/chile-logra-el-tercer-puesto-en-el-panamericano-especifico-de-patin-carrera\/","url":"https:\/\/fdpatin.cl\/index.php\/2023\/08\/06\/chile-logra-el-tercer-puesto-en-el-panamericano-especifico-de-patin-carrera\/","name":"Chile Logra el Tercer Puesto en el Panamericano Espec\u00edfico de Pat\u00edn Carrera - FD Chilena de Patinaje","isPartOf":{"@id":"https:\/\/fdpatin.cl\/#website"},"primaryImageOfPage":{"@id":"https:\/\/fdpatin.cl\/index.php\/2023\/08\/06\/chile-logra-el-tercer-puesto-en-el-panamericano-especifico-de-patin-carrera\/#primaryimage"},"image":{"@id":"https:\/\/fdpatin.cl\/index.php\/2023\/08\/06\/chile-logra-el-tercer-puesto-en-el-panamericano-especifico-de-patin-carrera\/#primaryimage"},"thumbnailUrl":"https:\/\/fdpatin.cl\/wp-content\/uploads\/2023\/08\/emmanuel_silva.jpg","datePublished":"2023-08-06T01:58:29+00:00","dateModified":"2023-08-07T02:01:32+00:00","breadcrumb":{"@id":"https:\/\/fdpatin.cl\/index.php\/2023\/08\/06\/chile-logra-el-tercer-puesto-en-el-panamericano-especifico-de-patin-carrera\/#breadcrumb"},"inLanguage":"es","potentialAction":[{"@type":"ReadAction","target":["https:\/\/fdpatin.cl\/index.php\/2023\/08\/06\/chile-logra-el-tercer-puesto-en-el-panamericano-especifico-de-patin-carrera\/"]}]},{"@type":"ImageObject","inLanguage":"es","@id":"https:\/\/fdpatin.cl\/index.php\/2023\/08\/06\/chile-logra-el-tercer-puesto-en-el-panamericano-especifico-de-patin-carrera\/#primaryimage","url":"https:\/\/fdpatin.cl\/wp-content\/uploads\/2023\/08\/emmanuel_silva.jpg","contentUrl":"https:\/\/fdpatin.cl\/wp-content\/uploads\/2023\/08\/emmanuel_silva.jpg","width":720,"height":450,"caption":"Emanuelle Silva obtuvo una medalla de oro y otra de plata en Medell\u00edn."},{"@type":"BreadcrumbList","@id":"https:\/\/fdpatin.cl\/index.php\/2023\/08\/06\/chile-logra-el-tercer-puesto-en-el-panamericano-especifico-de-patin-carrera\/#breadcrumb","itemListElement":[{"@type":"ListItem","position":1,"name":"Portada","item":"https:\/\/fdpatin.cl\/"},{"@type":"ListItem","position":2,"name":"Chile Logra el Tercer Puesto en el Panamericano Espec\u00edfico de Pat\u00edn Carrera"}]},{"@type":"WebSite","@id":"https:\/\/fdpatin.cl\/#website","url":"https:\/\/fdpatin.cl\/","name":"FD Chilena de Patinaje","description":"","publisher":{"@id":"https:\/\/fdpatin.cl\/#organization"},"potentialAction":[{"@type":"SearchAction","target":{"@type":"EntryPoint","urlTemplate":"https:\/\/fdpatin.cl\/?s={search_term_string}"},"query-input":{"@type":"PropertyValueSpecification","valueRequired":true,"valueName":"search_term_string"}}],"inLanguage":"es"},{"@type":"Organization","@id":"https:\/\/fdpatin.cl\/#organization","name":"FD Chilena de Patinaje","url":"https:\/\/fdpatin.cl\/","logo":{"@type":"ImageObject","inLanguage":"es","@id":"https:\/\/fdpatin.cl\/#\/schema\/logo\/image\/","url":"https:\/\/fdpatin.cl\/wp-content\/uploads\/2023\/07\/Logo-fdpatin_new.png","contentUrl":"https:\/\/fdpatin.cl\/wp-content\/uploads\/2023\/07\/Logo-fdpatin_new.png","width":114,"height":90,"caption":"FD Chilena de Patinaje"},"image":{"@id":"https:\/\/fdpatin.cl\/#\/schema\/logo\/image\/"}},{"@type":"Person","@id":"https:\/\/fdpatin.cl\/#\/schema\/person\/d6998acd6075ce1c4f791a931dc932c4","name":"admin","image":{"@type":"ImageObject","inLanguage":"es","@id":"https:\/\/fdpatin.cl\/#\/schema\/person\/image\/","url":"https:\/\/secure.gravatar.com\/avatar\/3cd05e3a1d80656f5e9f6dd0a2ca93e0627323057146c6291766f7b7f8055955?s=96&d=mm&r=g","contentUrl":"https:\/\/secure.gravatar.com\/avatar\/3cd05e3a1d80656f5e9f6dd0a2ca93e0627323057146c6291766f7b7f8055955?s=96&d=mm&r=g","caption":"admin"},"sameAs":["https:\/\/fdpatin.cl"],"url":"https:\/\/fdpatin.cl\/index.php\/author\/adminfdn\/"}]}},"_links":{"self":[{"href":"https:\/\/fdpatin.cl\/index.php\/wp-json\/wp\/v2\/posts\/304","targetHints":{"allow":["GET"]}}],"collection":[{"href":"https:\/\/fdpatin.cl\/index.php\/wp-json\/wp\/v2\/posts"}],"about":[{"href":"https:\/\/fdpatin.cl\/index.php\/wp-json\/wp\/v2\/types\/post"}],"author":[{"embeddable":true,"href":"https:\/\/fdpatin.cl\/index.php\/wp-json\/wp\/v2\/users\/1"}],"replies":[{"embeddable":true,"href":"https:\/\/fdpatin.cl\/index.php\/wp-json\/wp\/v2\/comments?post=304"}],"version-history":[{"count":1,"href":"https:\/\/fdpatin.cl\/index.php\/wp-json\/wp\/v2\/posts\/304\/revisions"}],"predecessor-version":[{"id":307,"href":"https:\/\/fdpatin.cl\/index.php\/wp-json\/wp\/v2\/posts\/304\/revisions\/307"}],"wp:featuredmedia":[{"embeddable":true,"href":"https:\/\/fdpatin.cl\/index.php\/wp-json\/wp\/v2\/media\/305"}],"wp:attachment":[{"href":"https:\/\/fdpatin.cl\/index.php\/wp-json\/wp\/v2\/media?parent=304"}],"wp:term":[{"taxonomy":"category","embeddable":true,"href":"https:\/\/fdpatin.cl\/index.php\/wp-json\/wp\/v2\/categories?post=304"},{"taxonomy":"post_tag","embeddable":true,"href":"https:\/\/fdpatin.cl\/index.php\/wp-json\/wp\/v2\/tags?post=304"}],"curies":[{"name":"wp","href":"https:\/\/api.w.org\/{rel}","templated":true}]}}