{"id":247,"date":"2023-07-23T21:58:59","date_gmt":"2023-07-23T21:58:59","guid":{"rendered":"https:\/\/fdpatin.cl\/?p=247"},"modified":"2023-07-25T22:02:18","modified_gmt":"2023-07-25T22:02:18","slug":"definidos-los-seleccionados-nacionales-para-panamericanos-y-mundial","status":"publish","type":"post","link":"https:\/\/fdpatin.cl\/index.php\/2023\/07\/23\/definidos-los-seleccionados-nacionales-para-panamericanos-y-mundial\/","title":{"rendered":"Definidos los Seleccionados Nacionales Para Panamericanos y Mundial"},"content":{"rendered":"<p><img fetchpriority=\"high\" decoding=\"async\" class=\"aligncenter wp-image-249 size-full\" src=\"https:\/\/fdpatin.cl\/wp-content\/uploads\/2023\/07\/patin_carrera.jpg\" alt=\"\" width=\"720\" height=\"450\" srcset=\"https:\/\/fdpatin.cl\/wp-content\/uploads\/2023\/07\/patin_carrera.jpg 720w, https:\/\/fdpatin.cl\/wp-content\/uploads\/2023\/07\/patin_carrera-300x188.jpg 300w\" sizes=\"(max-width: 720px) 100vw, 720px\" \/><\/p>\n<p>Tras las gestiones realizadas por la Federaci\u00f3n Deportiva Chilena de Patinaje, junto al cuerpo de Coordinaci\u00f3n Nacional, se establecieron las Selecciones Nacionales de Pat\u00edn Carrera que representar\u00e1n al pa\u00eds tanto en el Mundial de Italia, en agosto pr\u00f3ximo, como en los Panamericanos espec\u00edficos, incluyendo la cita magna de Santiago 2023.<\/p>\n<p>El contingente de 20 especialistas considera a ocho juveniles, lo que significa una apuesta a futuro en la actividad.<\/p>\n<p><img decoding=\"async\" class=\"aligncenter wp-image-248 size-full\" src=\"https:\/\/fdpatin.cl\/wp-content\/uploads\/2023\/07\/nominados_patin_carrera.jpg\" alt=\"\" width=\"633\" height=\"567\" srcset=\"https:\/\/fdpatin.cl\/wp-content\/uploads\/2023\/07\/nominados_patin_carrera.jpg 633w, https:\/\/fdpatin.cl\/wp-content\/uploads\/2023\/07\/nominados_patin_carrera-300x269.jpg 300w\" sizes=\"(max-width: 633px) 100vw, 633px\" \/><\/p>\n<p>Por de pronto, el primer compromiso inmediato para la especialidad ser\u00e1 el Panamericano de Clubes y Naciones que se realizar\u00e1 en Medell\u00edn, Colombia, entre el 27 de julio y 6 de agosto.<\/p>\n","protected":false},"excerpt":{"rendered":"<p>Tras las gestiones realizadas por la Federaci\u00f3n Deportiva Chilena de Patinaje, junto al cuerpo de Coordinaci\u00f3n Nacional, se establecieron las Selecciones Nacionales de Pat\u00edn Carrera que representar\u00e1n al pa\u00eds tanto&hellip; <\/p>\n","protected":false},"author":1,"featured_media":249,"comment_status":"open","ping_status":"open","sticky":false,"template":"","format":"standard","meta":{"footnotes":""},"categories":[45],"tags":[55,54,53,56,57],"class_list":["post-247","post","type-post","status-publish","format-standard","has-post-thumbnail","hentry","category-patin-carrera","tag-lubes-y-naciones","tag-mundial-de-medellin","tag-nominados-seleccion-nacional","tag-panamericano-de-ckubes-y-naciones","tag-panamericanos-santiago-2023"],"yoast_head":"<!-- This site is optimized with the Yoast SEO plugin v25.0 - https:\/\/yoast.com\/wordpress\/plugins\/seo\/ -->\n<title>Definidos los Seleccionados Nacionales Para Panamericanos y Mundial - FD Chilena de Patinaje<\/title>\n<meta name=\"robots\" content=\"index, follow, max-snippet:-1, max-image-preview:large, max-video-preview:-1\" \/>\n<link rel=\"canonical\" href=\"https:\/\/fdpatin.cl\/index.php\/2023\/07\/23\/definidos-los-seleccionados-nacionales-para-panamericanos-y-mundial\/\" \/>\n<meta property=\"og:locale\" content=\"es_ES\" \/>\n<meta property=\"og:type\" content=\"article\" \/>\n<meta property=\"og:title\" content=\"Definidos los Seleccionados Nacionales Para Panamericanos y Mundial - FD Chilena de Patinaje\" \/>\n<meta property=\"og:description\" content=\"Tras las gestiones realizadas por la Federaci\u00f3n Deportiva Chilena de Patinaje, junto al cuerpo de Coordinaci\u00f3n Nacional, se establecieron las Selecciones Nacionales de Pat\u00edn Carrera que representar\u00e1n al pa\u00eds tanto&hellip;\" \/>\n<meta property=\"og:url\" content=\"https:\/\/fdpatin.cl\/index.php\/2023\/07\/23\/definidos-los-seleccionados-nacionales-para-panamericanos-y-mundial\/\" \/>\n<meta property=\"og:site_name\" content=\"FD Chilena de Patinaje\" \/>\n<meta property=\"article:published_time\" content=\"2023-07-23T21:58:59+00:00\" \/>\n<meta property=\"article:modified_time\" content=\"2023-07-25T22:02:18+00:00\" \/>\n<meta property=\"og:image\" content=\"https:\/\/fdpatin.cl\/wp-content\/uploads\/2023\/07\/patin_carrera.jpg\" \/>\n\t<meta property=\"og:image:width\" content=\"720\" \/>\n\t<meta property=\"og:image:height\" content=\"450\" \/>\n\t<meta property=\"og:image:type\" content=\"image\/jpeg\" \/>\n<meta name=\"author\" content=\"admin\" \/>\n<meta name=\"twitter:card\" content=\"summary_large_image\" \/>\n<meta name=\"twitter:label1\" content=\"Escrito por\" \/>\n\t<meta name=\"twitter:data1\" content=\"admin\" \/>\n\t<meta name=\"twitter:label2\" content=\"Tiempo de lectura\" \/>\n\t<meta name=\"twitter:data2\" content=\"1 minuto\" \/>\n<script type=\"application\/ld+json\" class=\"yoast-schema-graph\">{\"@context\":\"https:\/\/schema.org\",\"@graph\":[{\"@type\":\"Article\",\"@id\":\"https:\/\/fdpatin.cl\/index.php\/2023\/07\/23\/definidos-los-seleccionados-nacionales-para-panamericanos-y-mundial\/#article\",\"isPartOf\":{\"@id\":\"https:\/\/fdpatin.cl\/index.php\/2023\/07\/23\/definidos-los-seleccionados-nacionales-para-panamericanos-y-mundial\/\"},\"author\":{\"name\":\"admin\",\"@id\":\"https:\/\/fdpatin.cl\/#\/schema\/person\/d6998acd6075ce1c4f791a931dc932c4\"},\"headline\":\"Definidos los Seleccionados Nacionales Para Panamericanos y Mundial\",\"datePublished\":\"2023-07-23T21:58:59+00:00\",\"dateModified\":\"2023-07-25T22:02:18+00:00\",\"mainEntityOfPage\":{\"@id\":\"https:\/\/fdpatin.cl\/index.php\/2023\/07\/23\/definidos-los-seleccionados-nacionales-para-panamericanos-y-mundial\/\"},\"wordCount\":113,\"commentCount\":0,\"publisher\":{\"@id\":\"https:\/\/fdpatin.cl\/#organization\"},\"image\":{\"@id\":\"https:\/\/fdpatin.cl\/index.php\/2023\/07\/23\/definidos-los-seleccionados-nacionales-para-panamericanos-y-mundial\/#primaryimage\"},\"thumbnailUrl\":\"https:\/\/fdpatin.cl\/wp-content\/uploads\/2023\/07\/patin_carrera.jpg\",\"keywords\":[\"lubes y Naciones\",\"Mundial de Medell\u00edn\",\"Nominados Selecci\u00f3n Nacional\",\"Panamericano de Ckubes y Naciones\",\"Panamericanos Santiago 2023\"],\"articleSection\":[\"Pat\u00edn Carrera\"],\"inLanguage\":\"es\",\"potentialAction\":[{\"@type\":\"CommentAction\",\"name\":\"Comment\",\"target\":[\"https:\/\/fdpatin.cl\/index.php\/2023\/07\/23\/definidos-los-seleccionados-nacionales-para-panamericanos-y-mundial\/#respond\"]}]},{\"@type\":\"WebPage\",\"@id\":\"https:\/\/fdpatin.cl\/index.php\/2023\/07\/23\/definidos-los-seleccionados-nacionales-para-panamericanos-y-mundial\/\",\"url\":\"https:\/\/fdpatin.cl\/index.php\/2023\/07\/23\/definidos-los-seleccionados-nacionales-para-panamericanos-y-mundial\/\",\"name\":\"Definidos los Seleccionados Nacionales Para Panamericanos y Mundial - FD Chilena de Patinaje\",\"isPartOf\":{\"@id\":\"https:\/\/fdpatin.cl\/#website\"},\"primaryImageOfPage\":{\"@id\":\"https:\/\/fdpatin.cl\/index.php\/2023\/07\/23\/definidos-los-seleccionados-nacionales-para-panamericanos-y-mundial\/#primaryimage\"},\"image\":{\"@id\":\"https:\/\/fdpatin.cl\/index.php\/2023\/07\/23\/definidos-los-seleccionados-nacionales-para-panamericanos-y-mundial\/#primaryimage\"},\"thumbnailUrl\":\"https:\/\/fdpatin.cl\/wp-content\/uploads\/2023\/07\/patin_carrera.jpg\",\"datePublished\":\"2023-07-23T21:58:59+00:00\",\"dateModified\":\"2023-07-25T22:02:18+00:00\",\"breadcrumb\":{\"@id\":\"https:\/\/fdpatin.cl\/index.php\/2023\/07\/23\/definidos-los-seleccionados-nacionales-para-panamericanos-y-mundial\/#breadcrumb\"},\"inLanguage\":\"es\",\"potentialAction\":[{\"@type\":\"ReadAction\",\"target\":[\"https:\/\/fdpatin.cl\/index.php\/2023\/07\/23\/definidos-los-seleccionados-nacionales-para-panamericanos-y-mundial\/\"]}]},{\"@type\":\"ImageObject\",\"inLanguage\":\"es\",\"@id\":\"https:\/\/fdpatin.cl\/index.php\/2023\/07\/23\/definidos-los-seleccionados-nacionales-para-panamericanos-y-mundial\/#primaryimage\",\"url\":\"https:\/\/fdpatin.cl\/wp-content\/uploads\/2023\/07\/patin_carrera.jpg\",\"contentUrl\":\"https:\/\/fdpatin.cl\/wp-content\/uploads\/2023\/07\/patin_carrera.jpg\",\"width\":720,\"height\":450},{\"@type\":\"BreadcrumbList\",\"@id\":\"https:\/\/fdpatin.cl\/index.php\/2023\/07\/23\/definidos-los-seleccionados-nacionales-para-panamericanos-y-mundial\/#breadcrumb\",\"itemListElement\":[{\"@type\":\"ListItem\",\"position\":1,\"name\":\"Portada\",\"item\":\"https:\/\/fdpatin.cl\/\"},{\"@type\":\"ListItem\",\"position\":2,\"name\":\"Definidos los Seleccionados Nacionales Para Panamericanos y Mundial\"}]},{\"@type\":\"WebSite\",\"@id\":\"https:\/\/fdpatin.cl\/#website\",\"url\":\"https:\/\/fdpatin.cl\/\",\"name\":\"FD Chilena de Patinaje\",\"description\":\"\",\"publisher\":{\"@id\":\"https:\/\/fdpatin.cl\/#organization\"},\"potentialAction\":[{\"@type\":\"SearchAction\",\"target\":{\"@type\":\"EntryPoint\",\"urlTemplate\":\"https:\/\/fdpatin.cl\/?s={search_term_string}\"},\"query-input\":{\"@type\":\"PropertyValueSpecification\",\"valueRequired\":true,\"valueName\":\"search_term_string\"}}],\"inLanguage\":\"es\"},{\"@type\":\"Organization\",\"@id\":\"https:\/\/fdpatin.cl\/#organization\",\"name\":\"FD Chilena de Patinaje\",\"url\":\"https:\/\/fdpatin.cl\/\",\"logo\":{\"@type\":\"ImageObject\",\"inLanguage\":\"es\",\"@id\":\"https:\/\/fdpatin.cl\/#\/schema\/logo\/image\/\",\"url\":\"https:\/\/fdpatin.cl\/wp-content\/uploads\/2023\/07\/Logo-fdpatin_new.png\",\"contentUrl\":\"https:\/\/fdpatin.cl\/wp-content\/uploads\/2023\/07\/Logo-fdpatin_new.png\",\"width\":114,\"height\":90,\"caption\":\"FD Chilena de Patinaje\"},\"image\":{\"@id\":\"https:\/\/fdpatin.cl\/#\/schema\/logo\/image\/\"}},{\"@type\":\"Person\",\"@id\":\"https:\/\/fdpatin.cl\/#\/schema\/person\/d6998acd6075ce1c4f791a931dc932c4\",\"name\":\"admin\",\"image\":{\"@type\":\"ImageObject\",\"inLanguage\":\"es\",\"@id\":\"https:\/\/fdpatin.cl\/#\/schema\/person\/image\/\",\"url\":\"https:\/\/secure.gravatar.com\/avatar\/3cd05e3a1d80656f5e9f6dd0a2ca93e0627323057146c6291766f7b7f8055955?s=96&d=mm&r=g\",\"contentUrl\":\"https:\/\/secure.gravatar.com\/avatar\/3cd05e3a1d80656f5e9f6dd0a2ca93e0627323057146c6291766f7b7f8055955?s=96&d=mm&r=g\",\"caption\":\"admin\"},\"sameAs\":[\"https:\/\/fdpatin.cl\"],\"url\":\"https:\/\/fdpatin.cl\/index.php\/author\/adminfdn\/\"}]}<\/script>\n<!-- \/ Yoast SEO plugin. -->","yoast_head_json":{"title":"Definidos los Seleccionados Nacionales Para Panamericanos y Mundial - FD Chilena de Patinaje","robots":{"index":"index","follow":"follow","max-snippet":"max-snippet:-1","max-image-preview":"max-image-preview:large","max-video-preview":"max-video-preview:-1"},"canonical":"https:\/\/fdpatin.cl\/index.php\/2023\/07\/23\/definidos-los-seleccionados-nacionales-para-panamericanos-y-mundial\/","og_locale":"es_ES","og_type":"article","og_title":"Definidos los Seleccionados Nacionales Para Panamericanos y Mundial - FD Chilena de Patinaje","og_description":"Tras las gestiones realizadas por la Federaci\u00f3n Deportiva Chilena de Patinaje, junto al cuerpo de Coordinaci\u00f3n Nacional, se establecieron las Selecciones Nacionales de Pat\u00edn Carrera que representar\u00e1n al pa\u00eds tanto&hellip;","og_url":"https:\/\/fdpatin.cl\/index.php\/2023\/07\/23\/definidos-los-seleccionados-nacionales-para-panamericanos-y-mundial\/","og_site_name":"FD Chilena de Patinaje","article_published_time":"2023-07-23T21:58:59+00:00","article_modified_time":"2023-07-25T22:02:18+00:00","og_image":[{"width":720,"height":450,"url":"https:\/\/fdpatin.cl\/wp-content\/uploads\/2023\/07\/patin_carrera.jpg","type":"image\/jpeg"}],"author":"admin","twitter_card":"summary_large_image","twitter_misc":{"Escrito por":"admin","Tiempo de lectura":"1 minuto"},"schema":{"@context":"https:\/\/schema.org","@graph":[{"@type":"Article","@id":"https:\/\/fdpatin.cl\/index.php\/2023\/07\/23\/definidos-los-seleccionados-nacionales-para-panamericanos-y-mundial\/#article","isPartOf":{"@id":"https:\/\/fdpatin.cl\/index.php\/2023\/07\/23\/definidos-los-seleccionados-nacionales-para-panamericanos-y-mundial\/"},"author":{"name":"admin","@id":"https:\/\/fdpatin.cl\/#\/schema\/person\/d6998acd6075ce1c4f791a931dc932c4"},"headline":"Definidos los Seleccionados Nacionales Para Panamericanos y Mundial","datePublished":"2023-07-23T21:58:59+00:00","dateModified":"2023-07-25T22:02:18+00:00","mainEntityOfPage":{"@id":"https:\/\/fdpatin.cl\/index.php\/2023\/07\/23\/definidos-los-seleccionados-nacionales-para-panamericanos-y-mundial\/"},"wordCount":113,"commentCount":0,"publisher":{"@id":"https:\/\/fdpatin.cl\/#organization"},"image":{"@id":"https:\/\/fdpatin.cl\/index.php\/2023\/07\/23\/definidos-los-seleccionados-nacionales-para-panamericanos-y-mundial\/#primaryimage"},"thumbnailUrl":"https:\/\/fdpatin.cl\/wp-content\/uploads\/2023\/07\/patin_carrera.jpg","keywords":["lubes y Naciones","Mundial de Medell\u00edn","Nominados Selecci\u00f3n Nacional","Panamericano de Ckubes y Naciones","Panamericanos Santiago 2023"],"articleSection":["Pat\u00edn Carrera"],"inLanguage":"es","potentialAction":[{"@type":"CommentAction","name":"Comment","target":["https:\/\/fdpatin.cl\/index.php\/2023\/07\/23\/definidos-los-seleccionados-nacionales-para-panamericanos-y-mundial\/#respond"]}]},{"@type":"WebPage","@id":"https:\/\/fdpatin.cl\/index.php\/2023\/07\/23\/definidos-los-seleccionados-nacionales-para-panamericanos-y-mundial\/","url":"https:\/\/fdpatin.cl\/index.php\/2023\/07\/23\/definidos-los-seleccionados-nacionales-para-panamericanos-y-mundial\/","name":"Definidos los Seleccionados Nacionales Para Panamericanos y Mundial - FD Chilena de Patinaje","isPartOf":{"@id":"https:\/\/fdpatin.cl\/#website"},"primaryImageOfPage":{"@id":"https:\/\/fdpatin.cl\/index.php\/2023\/07\/23\/definidos-los-seleccionados-nacionales-para-panamericanos-y-mundial\/#primaryimage"},"image":{"@id":"https:\/\/fdpatin.cl\/index.php\/2023\/07\/23\/definidos-los-seleccionados-nacionales-para-panamericanos-y-mundial\/#primaryimage"},"thumbnailUrl":"https:\/\/fdpatin.cl\/wp-content\/uploads\/2023\/07\/patin_carrera.jpg","datePublished":"2023-07-23T21:58:59+00:00","dateModified":"2023-07-25T22:02:18+00:00","breadcrumb":{"@id":"https:\/\/fdpatin.cl\/index.php\/2023\/07\/23\/definidos-los-seleccionados-nacionales-para-panamericanos-y-mundial\/#breadcrumb"},"inLanguage":"es","potentialAction":[{"@type":"ReadAction","target":["https:\/\/fdpatin.cl\/index.php\/2023\/07\/23\/definidos-los-seleccionados-nacionales-para-panamericanos-y-mundial\/"]}]},{"@type":"ImageObject","inLanguage":"es","@id":"https:\/\/fdpatin.cl\/index.php\/2023\/07\/23\/definidos-los-seleccionados-nacionales-para-panamericanos-y-mundial\/#primaryimage","url":"https:\/\/fdpatin.cl\/wp-content\/uploads\/2023\/07\/patin_carrera.jpg","contentUrl":"https:\/\/fdpatin.cl\/wp-content\/uploads\/2023\/07\/patin_carrera.jpg","width":720,"height":450},{"@type":"BreadcrumbList","@id":"https:\/\/fdpatin.cl\/index.php\/2023\/07\/23\/definidos-los-seleccionados-nacionales-para-panamericanos-y-mundial\/#breadcrumb","itemListElement":[{"@type":"ListItem","position":1,"name":"Portada","item":"https:\/\/fdpatin.cl\/"},{"@type":"ListItem","position":2,"name":"Definidos los Seleccionados Nacionales Para Panamericanos y Mundial"}]},{"@type":"WebSite","@id":"https:\/\/fdpatin.cl\/#website","url":"https:\/\/fdpatin.cl\/","name":"FD Chilena de Patinaje","description":"","publisher":{"@id":"https:\/\/fdpatin.cl\/#organization"},"potentialAction":[{"@type":"SearchAction","target":{"@type":"EntryPoint","urlTemplate":"https:\/\/fdpatin.cl\/?s={search_term_string}"},"query-input":{"@type":"PropertyValueSpecification","valueRequired":true,"valueName":"search_term_string"}}],"inLanguage":"es"},{"@type":"Organization","@id":"https:\/\/fdpatin.cl\/#organization","name":"FD Chilena de Patinaje","url":"https:\/\/fdpatin.cl\/","logo":{"@type":"ImageObject","inLanguage":"es","@id":"https:\/\/fdpatin.cl\/#\/schema\/logo\/image\/","url":"https:\/\/fdpatin.cl\/wp-content\/uploads\/2023\/07\/Logo-fdpatin_new.png","contentUrl":"https:\/\/fdpatin.cl\/wp-content\/uploads\/2023\/07\/Logo-fdpatin_new.png","width":114,"height":90,"caption":"FD Chilena de Patinaje"},"image":{"@id":"https:\/\/fdpatin.cl\/#\/schema\/logo\/image\/"}},{"@type":"Person","@id":"https:\/\/fdpatin.cl\/#\/schema\/person\/d6998acd6075ce1c4f791a931dc932c4","name":"admin","image":{"@type":"ImageObject","inLanguage":"es","@id":"https:\/\/fdpatin.cl\/#\/schema\/person\/image\/","url":"https:\/\/secure.gravatar.com\/avatar\/3cd05e3a1d80656f5e9f6dd0a2ca93e0627323057146c6291766f7b7f8055955?s=96&d=mm&r=g","contentUrl":"https:\/\/secure.gravatar.com\/avatar\/3cd05e3a1d80656f5e9f6dd0a2ca93e0627323057146c6291766f7b7f8055955?s=96&d=mm&r=g","caption":"admin"},"sameAs":["https:\/\/fdpatin.cl"],"url":"https:\/\/fdpatin.cl\/index.php\/author\/adminfdn\/"}]}},"_links":{"self":[{"href":"https:\/\/fdpatin.cl\/index.php\/wp-json\/wp\/v2\/posts\/247","targetHints":{"allow":["GET"]}}],"collection":[{"href":"https:\/\/fdpatin.cl\/index.php\/wp-json\/wp\/v2\/posts"}],"about":[{"href":"https:\/\/fdpatin.cl\/index.php\/wp-json\/wp\/v2\/types\/post"}],"author":[{"embeddable":true,"href":"https:\/\/fdpatin.cl\/index.php\/wp-json\/wp\/v2\/users\/1"}],"replies":[{"embeddable":true,"href":"https:\/\/fdpatin.cl\/index.php\/wp-json\/wp\/v2\/comments?post=247"}],"version-history":[{"count":1,"href":"https:\/\/fdpatin.cl\/index.php\/wp-json\/wp\/v2\/posts\/247\/revisions"}],"predecessor-version":[{"id":250,"href":"https:\/\/fdpatin.cl\/index.php\/wp-json\/wp\/v2\/posts\/247\/revisions\/250"}],"wp:featuredmedia":[{"embeddable":true,"href":"https:\/\/fdpatin.cl\/index.php\/wp-json\/wp\/v2\/media\/249"}],"wp:attachment":[{"href":"https:\/\/fdpatin.cl\/index.php\/wp-json\/wp\/v2\/media?parent=247"}],"wp:term":[{"taxonomy":"category","embeddable":true,"href":"https:\/\/fdpatin.cl\/index.php\/wp-json\/wp\/v2\/categories?post=247"},{"taxonomy":"post_tag","embeddable":true,"href":"https:\/\/fdpatin.cl\/index.php\/wp-json\/wp\/v2\/tags?post=247"}],"curies":[{"name":"wp","href":"https:\/\/api.w.org\/{rel}","templated":true}]}}