{"id":1285,"date":"2026-09-02T17:59:07","date_gmt":"2026-09-02T17:59:07","guid":{"rendered":"https:\/\/fdpatin.cl\/?p=1285"},"modified":"2026-09-02T17:59:07","modified_gmt":"2026-09-02T17:59:07","slug":"esta-es-la-delegacion-del-patinaje-para-los-juegos-sudamericanos","status":"publish","type":"post","link":"https:\/\/fdpatin.cl\/index.php\/2026\/09\/02\/esta-es-la-delegacion-del-patinaje-para-los-juegos-sudamericanos\/","title":{"rendered":"Esta es la Delegaci\u00f3n del Patinaje Para los Juegos Sudamericanos"},"content":{"rendered":"<figure id=\"attachment_1286\" aria-describedby=\"caption-attachment-1286\" style=\"width: 720px\" class=\"wp-caption aligncenter\"><img fetchpriority=\"high\" decoding=\"async\" class=\"wp-image-1286 size-full\" src=\"https:\/\/fdpatin.cl\/wp-content\/uploads\/2026\/09\/silva.jpg\" alt=\"\" width=\"720\" height=\"450\" srcset=\"https:\/\/fdpatin.cl\/wp-content\/uploads\/2026\/09\/silva.jpg 720w, https:\/\/fdpatin.cl\/wp-content\/uploads\/2026\/09\/silva-300x188.jpg 300w\" sizes=\"(max-width: 720px) 100vw, 720px\" \/><figcaption id=\"caption-attachment-1286\" class=\"wp-caption-text\">Emanuelle Silva gan\u00f3 medalla de oro en los pasados Juegos Sudamericanos de Asunci\u00f3n 2022. Ahora va por m\u00e1s en Santa Fe 2026.<\/figcaption><\/figure>\n<p>Un total de catorce deportistas, en tres disciplinas, ser\u00e1 el representativo del patinaje en el Team Chile que competir\u00e1 en la XIII edici\u00f3n de los Juegos Sudamericanos -tambi\u00e9n conocidos como Juegos Odesur- que se desarrollar\u00e1n entre el 12 y 26 de septiembre pr\u00f3ximo en Santa Fe, Argentina.<\/p>\n<p>La n\u00f3mina es la siguiente: <strong>Patinaje art\u00edstico.<\/strong> Deportistas: Josefa Ramos, Valentina Soto, Abel Latallada y Benjam\u00edn Bravo. T\u00e9cnicos: Francisca Antoine Cabrera y Jos\u00e9 D\u00edaz<\/p>\n<p><strong>Pat\u00edn Carrera.<\/strong> Deportistas: Catalina Lorca, Romina P\u00e9rez, Javiera San Mart\u00edn, Macarena V\u00e1squez, Lucas Caneleo, Gabriel Reyes, Emanuelle Silva y Gonzalo Villablanca. Equipo t\u00e9cnico: Gonzalo Guajardo, H\u00e9ctor Lizama, Samuel Minzer y Alfredo Riquelme<\/p>\n<p><strong>Skateboarding.<\/strong> Deportistas: Valentina Petric y Mat\u00edas Floto. T\u00e9cnico: Mauricio Rodr\u00edguez<\/p>\n<p>En la pasada edici\u00f3n de los Juegos Sudamericanos, realizada en Asunci\u00f3n del Paraguay en 2022, el Team Chile culmin\u00f3 en el cuarto puesto del medallero con un total de 131 preseas (38-31-62) de las cuales el pat\u00edn carrera, entre otras, aport\u00f3 con el oro de Emanuelle Silva en 200 metros metra contra meta m\u00e1s tres plata y dos bronces.<\/p>\n","protected":false},"excerpt":{"rendered":"<p>Un total de catorce deportistas, en tres disciplinas, ser\u00e1 el representativo del patinaje en el Team Chile que competir\u00e1 en la XIII edici\u00f3n de los Juegos Sudamericanos -tambi\u00e9n conocidos como&hellip; <\/p>\n","protected":false},"author":1,"featured_media":1286,"comment_status":"open","ping_status":"open","sticky":false,"template":"","format":"standard","meta":{"footnotes":""},"categories":[16],"tags":[],"class_list":["post-1285","post","type-post","status-publish","format-standard","has-post-thumbnail","hentry","category-institucional"],"yoast_head":"<!-- This site is optimized with the Yoast SEO plugin v25.0 - https:\/\/yoast.com\/wordpress\/plugins\/seo\/ -->\n<title>Esta es la Delegaci\u00f3n del Patinaje Para los Juegos Sudamericanos - FD Chilena de Patinaje<\/title>\n<meta name=\"robots\" content=\"index, follow, max-snippet:-1, max-image-preview:large, max-video-preview:-1\" \/>\n<link rel=\"canonical\" href=\"https:\/\/fdpatin.cl\/index.php\/2026\/09\/02\/esta-es-la-delegacion-del-patinaje-para-los-juegos-sudamericanos\/\" \/>\n<meta property=\"og:locale\" content=\"es_ES\" \/>\n<meta property=\"og:type\" content=\"article\" \/>\n<meta property=\"og:title\" content=\"Esta es la Delegaci\u00f3n del Patinaje Para los Juegos Sudamericanos - FD Chilena de Patinaje\" \/>\n<meta property=\"og:description\" content=\"Un total de catorce deportistas, en tres disciplinas, ser\u00e1 el representativo del patinaje en el Team Chile que competir\u00e1 en la XIII edici\u00f3n de los Juegos Sudamericanos -tambi\u00e9n conocidos como&hellip;\" \/>\n<meta property=\"og:url\" content=\"https:\/\/fdpatin.cl\/index.php\/2026\/09\/02\/esta-es-la-delegacion-del-patinaje-para-los-juegos-sudamericanos\/\" \/>\n<meta property=\"og:site_name\" content=\"FD Chilena de Patinaje\" \/>\n<meta property=\"article:published_time\" content=\"2026-09-02T17:59:07+00:00\" \/>\n<meta property=\"og:image\" content=\"https:\/\/fdpatin.cl\/wp-content\/uploads\/2026\/09\/silva.jpg\" \/>\n\t<meta property=\"og:image:width\" content=\"720\" \/>\n\t<meta property=\"og:image:height\" content=\"450\" \/>\n\t<meta property=\"og:image:type\" content=\"image\/jpeg\" \/>\n<meta name=\"author\" content=\"admin\" \/>\n<meta name=\"twitter:card\" content=\"summary_large_image\" \/>\n<meta name=\"twitter:label1\" content=\"Escrito por\" \/>\n\t<meta name=\"twitter:data1\" content=\"admin\" \/>\n\t<meta name=\"twitter:label2\" content=\"Tiempo de lectura\" \/>\n\t<meta name=\"twitter:data2\" content=\"2 minutos\" \/>\n<script type=\"application\/ld+json\" class=\"yoast-schema-graph\">{\"@context\":\"https:\/\/schema.org\",\"@graph\":[{\"@type\":\"Article\",\"@id\":\"https:\/\/fdpatin.cl\/index.php\/2026\/09\/02\/esta-es-la-delegacion-del-patinaje-para-los-juegos-sudamericanos\/#article\",\"isPartOf\":{\"@id\":\"https:\/\/fdpatin.cl\/index.php\/2026\/09\/02\/esta-es-la-delegacion-del-patinaje-para-los-juegos-sudamericanos\/\"},\"author\":{\"name\":\"admin\",\"@id\":\"https:\/\/fdpatin.cl\/#\/schema\/person\/d6998acd6075ce1c4f791a931dc932c4\"},\"headline\":\"Esta es la Delegaci\u00f3n del Patinaje Para los Juegos Sudamericanos\",\"datePublished\":\"2026-09-02T17:59:07+00:00\",\"mainEntityOfPage\":{\"@id\":\"https:\/\/fdpatin.cl\/index.php\/2026\/09\/02\/esta-es-la-delegacion-del-patinaje-para-los-juegos-sudamericanos\/\"},\"wordCount\":230,\"commentCount\":0,\"publisher\":{\"@id\":\"https:\/\/fdpatin.cl\/#organization\"},\"image\":{\"@id\":\"https:\/\/fdpatin.cl\/index.php\/2026\/09\/02\/esta-es-la-delegacion-del-patinaje-para-los-juegos-sudamericanos\/#primaryimage\"},\"thumbnailUrl\":\"https:\/\/fdpatin.cl\/wp-content\/uploads\/2026\/09\/silva.jpg\",\"articleSection\":[\"Institucional\"],\"inLanguage\":\"es\",\"potentialAction\":[{\"@type\":\"CommentAction\",\"name\":\"Comment\",\"target\":[\"https:\/\/fdpatin.cl\/index.php\/2026\/09\/02\/esta-es-la-delegacion-del-patinaje-para-los-juegos-sudamericanos\/#respond\"]}]},{\"@type\":\"WebPage\",\"@id\":\"https:\/\/fdpatin.cl\/index.php\/2026\/09\/02\/esta-es-la-delegacion-del-patinaje-para-los-juegos-sudamericanos\/\",\"url\":\"https:\/\/fdpatin.cl\/index.php\/2026\/09\/02\/esta-es-la-delegacion-del-patinaje-para-los-juegos-sudamericanos\/\",\"name\":\"Esta es la Delegaci\u00f3n del Patinaje Para los Juegos Sudamericanos - FD Chilena de Patinaje\",\"isPartOf\":{\"@id\":\"https:\/\/fdpatin.cl\/#website\"},\"primaryImageOfPage\":{\"@id\":\"https:\/\/fdpatin.cl\/index.php\/2026\/09\/02\/esta-es-la-delegacion-del-patinaje-para-los-juegos-sudamericanos\/#primaryimage\"},\"image\":{\"@id\":\"https:\/\/fdpatin.cl\/index.php\/2026\/09\/02\/esta-es-la-delegacion-del-patinaje-para-los-juegos-sudamericanos\/#primaryimage\"},\"thumbnailUrl\":\"https:\/\/fdpatin.cl\/wp-content\/uploads\/2026\/09\/silva.jpg\",\"datePublished\":\"2026-09-02T17:59:07+00:00\",\"breadcrumb\":{\"@id\":\"https:\/\/fdpatin.cl\/index.php\/2026\/09\/02\/esta-es-la-delegacion-del-patinaje-para-los-juegos-sudamericanos\/#breadcrumb\"},\"inLanguage\":\"es\",\"potentialAction\":[{\"@type\":\"ReadAction\",\"target\":[\"https:\/\/fdpatin.cl\/index.php\/2026\/09\/02\/esta-es-la-delegacion-del-patinaje-para-los-juegos-sudamericanos\/\"]}]},{\"@type\":\"ImageObject\",\"inLanguage\":\"es\",\"@id\":\"https:\/\/fdpatin.cl\/index.php\/2026\/09\/02\/esta-es-la-delegacion-del-patinaje-para-los-juegos-sudamericanos\/#primaryimage\",\"url\":\"https:\/\/fdpatin.cl\/wp-content\/uploads\/2026\/09\/silva.jpg\",\"contentUrl\":\"https:\/\/fdpatin.cl\/wp-content\/uploads\/2026\/09\/silva.jpg\",\"width\":720,\"height\":450,\"caption\":\"Emanuelle Silva gan\u00f3 medalla de oro en los pasados Juegos Sudamericanos de Asunci\u00f3n 2022. Ahora va por m\u00e1s en Santa Fe 2026.\"},{\"@type\":\"BreadcrumbList\",\"@id\":\"https:\/\/fdpatin.cl\/index.php\/2026\/09\/02\/esta-es-la-delegacion-del-patinaje-para-los-juegos-sudamericanos\/#breadcrumb\",\"itemListElement\":[{\"@type\":\"ListItem\",\"position\":1,\"name\":\"Portada\",\"item\":\"https:\/\/fdpatin.cl\/\"},{\"@type\":\"ListItem\",\"position\":2,\"name\":\"Esta es la Delegaci\u00f3n del Patinaje Para los Juegos Sudamericanos\"}]},{\"@type\":\"WebSite\",\"@id\":\"https:\/\/fdpatin.cl\/#website\",\"url\":\"https:\/\/fdpatin.cl\/\",\"name\":\"FD Chilena de Patinaje\",\"description\":\"\",\"publisher\":{\"@id\":\"https:\/\/fdpatin.cl\/#organization\"},\"potentialAction\":[{\"@type\":\"SearchAction\",\"target\":{\"@type\":\"EntryPoint\",\"urlTemplate\":\"https:\/\/fdpatin.cl\/?s={search_term_string}\"},\"query-input\":{\"@type\":\"PropertyValueSpecification\",\"valueRequired\":true,\"valueName\":\"search_term_string\"}}],\"inLanguage\":\"es\"},{\"@type\":\"Organization\",\"@id\":\"https:\/\/fdpatin.cl\/#organization\",\"name\":\"FD Chilena de Patinaje\",\"url\":\"https:\/\/fdpatin.cl\/\",\"logo\":{\"@type\":\"ImageObject\",\"inLanguage\":\"es\",\"@id\":\"https:\/\/fdpatin.cl\/#\/schema\/logo\/image\/\",\"url\":\"https:\/\/fdpatin.cl\/wp-content\/uploads\/2023\/07\/Logo-fdpatin_new.png\",\"contentUrl\":\"https:\/\/fdpatin.cl\/wp-content\/uploads\/2023\/07\/Logo-fdpatin_new.png\",\"width\":114,\"height\":90,\"caption\":\"FD Chilena de Patinaje\"},\"image\":{\"@id\":\"https:\/\/fdpatin.cl\/#\/schema\/logo\/image\/\"}},{\"@type\":\"Person\",\"@id\":\"https:\/\/fdpatin.cl\/#\/schema\/person\/d6998acd6075ce1c4f791a931dc932c4\",\"name\":\"admin\",\"image\":{\"@type\":\"ImageObject\",\"inLanguage\":\"es\",\"@id\":\"https:\/\/fdpatin.cl\/#\/schema\/person\/image\/\",\"url\":\"https:\/\/secure.gravatar.com\/avatar\/3cd05e3a1d80656f5e9f6dd0a2ca93e0627323057146c6291766f7b7f8055955?s=96&d=mm&r=g\",\"contentUrl\":\"https:\/\/secure.gravatar.com\/avatar\/3cd05e3a1d80656f5e9f6dd0a2ca93e0627323057146c6291766f7b7f8055955?s=96&d=mm&r=g\",\"caption\":\"admin\"},\"sameAs\":[\"https:\/\/fdpatin.cl\"],\"url\":\"https:\/\/fdpatin.cl\/index.php\/author\/adminfdn\/\"}]}<\/script>\n<!-- \/ Yoast SEO plugin. -->","yoast_head_json":{"title":"Esta es la Delegaci\u00f3n del Patinaje Para los Juegos Sudamericanos - FD Chilena de Patinaje","robots":{"index":"index","follow":"follow","max-snippet":"max-snippet:-1","max-image-preview":"max-image-preview:large","max-video-preview":"max-video-preview:-1"},"canonical":"https:\/\/fdpatin.cl\/index.php\/2026\/09\/02\/esta-es-la-delegacion-del-patinaje-para-los-juegos-sudamericanos\/","og_locale":"es_ES","og_type":"article","og_title":"Esta es la Delegaci\u00f3n del Patinaje Para los Juegos Sudamericanos - FD Chilena de Patinaje","og_description":"Un total de catorce deportistas, en tres disciplinas, ser\u00e1 el representativo del patinaje en el Team Chile que competir\u00e1 en la XIII edici\u00f3n de los Juegos Sudamericanos -tambi\u00e9n conocidos como&hellip;","og_url":"https:\/\/fdpatin.cl\/index.php\/2026\/09\/02\/esta-es-la-delegacion-del-patinaje-para-los-juegos-sudamericanos\/","og_site_name":"FD Chilena de Patinaje","article_published_time":"2026-09-02T17:59:07+00:00","og_image":[{"width":720,"height":450,"url":"https:\/\/fdpatin.cl\/wp-content\/uploads\/2026\/09\/silva.jpg","type":"image\/jpeg"}],"author":"admin","twitter_card":"summary_large_image","twitter_misc":{"Escrito por":"admin","Tiempo de lectura":"2 minutos"},"schema":{"@context":"https:\/\/schema.org","@graph":[{"@type":"Article","@id":"https:\/\/fdpatin.cl\/index.php\/2026\/09\/02\/esta-es-la-delegacion-del-patinaje-para-los-juegos-sudamericanos\/#article","isPartOf":{"@id":"https:\/\/fdpatin.cl\/index.php\/2026\/09\/02\/esta-es-la-delegacion-del-patinaje-para-los-juegos-sudamericanos\/"},"author":{"name":"admin","@id":"https:\/\/fdpatin.cl\/#\/schema\/person\/d6998acd6075ce1c4f791a931dc932c4"},"headline":"Esta es la Delegaci\u00f3n del Patinaje Para los Juegos Sudamericanos","datePublished":"2026-09-02T17:59:07+00:00","mainEntityOfPage":{"@id":"https:\/\/fdpatin.cl\/index.php\/2026\/09\/02\/esta-es-la-delegacion-del-patinaje-para-los-juegos-sudamericanos\/"},"wordCount":230,"commentCount":0,"publisher":{"@id":"https:\/\/fdpatin.cl\/#organization"},"image":{"@id":"https:\/\/fdpatin.cl\/index.php\/2026\/09\/02\/esta-es-la-delegacion-del-patinaje-para-los-juegos-sudamericanos\/#primaryimage"},"thumbnailUrl":"https:\/\/fdpatin.cl\/wp-content\/uploads\/2026\/09\/silva.jpg","articleSection":["Institucional"],"inLanguage":"es","potentialAction":[{"@type":"CommentAction","name":"Comment","target":["https:\/\/fdpatin.cl\/index.php\/2026\/09\/02\/esta-es-la-delegacion-del-patinaje-para-los-juegos-sudamericanos\/#respond"]}]},{"@type":"WebPage","@id":"https:\/\/fdpatin.cl\/index.php\/2026\/09\/02\/esta-es-la-delegacion-del-patinaje-para-los-juegos-sudamericanos\/","url":"https:\/\/fdpatin.cl\/index.php\/2026\/09\/02\/esta-es-la-delegacion-del-patinaje-para-los-juegos-sudamericanos\/","name":"Esta es la Delegaci\u00f3n del Patinaje Para los Juegos Sudamericanos - FD Chilena de Patinaje","isPartOf":{"@id":"https:\/\/fdpatin.cl\/#website"},"primaryImageOfPage":{"@id":"https:\/\/fdpatin.cl\/index.php\/2026\/09\/02\/esta-es-la-delegacion-del-patinaje-para-los-juegos-sudamericanos\/#primaryimage"},"image":{"@id":"https:\/\/fdpatin.cl\/index.php\/2026\/09\/02\/esta-es-la-delegacion-del-patinaje-para-los-juegos-sudamericanos\/#primaryimage"},"thumbnailUrl":"https:\/\/fdpatin.cl\/wp-content\/uploads\/2026\/09\/silva.jpg","datePublished":"2026-09-02T17:59:07+00:00","breadcrumb":{"@id":"https:\/\/fdpatin.cl\/index.php\/2026\/09\/02\/esta-es-la-delegacion-del-patinaje-para-los-juegos-sudamericanos\/#breadcrumb"},"inLanguage":"es","potentialAction":[{"@type":"ReadAction","target":["https:\/\/fdpatin.cl\/index.php\/2026\/09\/02\/esta-es-la-delegacion-del-patinaje-para-los-juegos-sudamericanos\/"]}]},{"@type":"ImageObject","inLanguage":"es","@id":"https:\/\/fdpatin.cl\/index.php\/2026\/09\/02\/esta-es-la-delegacion-del-patinaje-para-los-juegos-sudamericanos\/#primaryimage","url":"https:\/\/fdpatin.cl\/wp-content\/uploads\/2026\/09\/silva.jpg","contentUrl":"https:\/\/fdpatin.cl\/wp-content\/uploads\/2026\/09\/silva.jpg","width":720,"height":450,"caption":"Emanuelle Silva gan\u00f3 medalla de oro en los pasados Juegos Sudamericanos de Asunci\u00f3n 2022. Ahora va por m\u00e1s en Santa Fe 2026."},{"@type":"BreadcrumbList","@id":"https:\/\/fdpatin.cl\/index.php\/2026\/09\/02\/esta-es-la-delegacion-del-patinaje-para-los-juegos-sudamericanos\/#breadcrumb","itemListElement":[{"@type":"ListItem","position":1,"name":"Portada","item":"https:\/\/fdpatin.cl\/"},{"@type":"ListItem","position":2,"name":"Esta es la Delegaci\u00f3n del Patinaje Para los Juegos Sudamericanos"}]},{"@type":"WebSite","@id":"https:\/\/fdpatin.cl\/#website","url":"https:\/\/fdpatin.cl\/","name":"FD Chilena de Patinaje","description":"","publisher":{"@id":"https:\/\/fdpatin.cl\/#organization"},"potentialAction":[{"@type":"SearchAction","target":{"@type":"EntryPoint","urlTemplate":"https:\/\/fdpatin.cl\/?s={search_term_string}"},"query-input":{"@type":"PropertyValueSpecification","valueRequired":true,"valueName":"search_term_string"}}],"inLanguage":"es"},{"@type":"Organization","@id":"https:\/\/fdpatin.cl\/#organization","name":"FD Chilena de Patinaje","url":"https:\/\/fdpatin.cl\/","logo":{"@type":"ImageObject","inLanguage":"es","@id":"https:\/\/fdpatin.cl\/#\/schema\/logo\/image\/","url":"https:\/\/fdpatin.cl\/wp-content\/uploads\/2023\/07\/Logo-fdpatin_new.png","contentUrl":"https:\/\/fdpatin.cl\/wp-content\/uploads\/2023\/07\/Logo-fdpatin_new.png","width":114,"height":90,"caption":"FD Chilena de Patinaje"},"image":{"@id":"https:\/\/fdpatin.cl\/#\/schema\/logo\/image\/"}},{"@type":"Person","@id":"https:\/\/fdpatin.cl\/#\/schema\/person\/d6998acd6075ce1c4f791a931dc932c4","name":"admin","image":{"@type":"ImageObject","inLanguage":"es","@id":"https:\/\/fdpatin.cl\/#\/schema\/person\/image\/","url":"https:\/\/secure.gravatar.com\/avatar\/3cd05e3a1d80656f5e9f6dd0a2ca93e0627323057146c6291766f7b7f8055955?s=96&d=mm&r=g","contentUrl":"https:\/\/secure.gravatar.com\/avatar\/3cd05e3a1d80656f5e9f6dd0a2ca93e0627323057146c6291766f7b7f8055955?s=96&d=mm&r=g","caption":"admin"},"sameAs":["https:\/\/fdpatin.cl"],"url":"https:\/\/fdpatin.cl\/index.php\/author\/adminfdn\/"}]}},"_links":{"self":[{"href":"https:\/\/fdpatin.cl\/index.php\/wp-json\/wp\/v2\/posts\/1285","targetHints":{"allow":["GET"]}}],"collection":[{"href":"https:\/\/fdpatin.cl\/index.php\/wp-json\/wp\/v2\/posts"}],"about":[{"href":"https:\/\/fdpatin.cl\/index.php\/wp-json\/wp\/v2\/types\/post"}],"author":[{"embeddable":true,"href":"https:\/\/fdpatin.cl\/index.php\/wp-json\/wp\/v2\/users\/1"}],"replies":[{"embeddable":true,"href":"https:\/\/fdpatin.cl\/index.php\/wp-json\/wp\/v2\/comments?post=1285"}],"version-history":[{"count":1,"href":"https:\/\/fdpatin.cl\/index.php\/wp-json\/wp\/v2\/posts\/1285\/revisions"}],"predecessor-version":[{"id":1287,"href":"https:\/\/fdpatin.cl\/index.php\/wp-json\/wp\/v2\/posts\/1285\/revisions\/1287"}],"wp:featuredmedia":[{"embeddable":true,"href":"https:\/\/fdpatin.cl\/index.php\/wp-json\/wp\/v2\/media\/1286"}],"wp:attachment":[{"href":"https:\/\/fdpatin.cl\/index.php\/wp-json\/wp\/v2\/media?parent=1285"}],"wp:term":[{"taxonomy":"category","embeddable":true,"href":"https:\/\/fdpatin.cl\/index.php\/wp-json\/wp\/v2\/categories?post=1285"},{"taxonomy":"post_tag","embeddable":true,"href":"https:\/\/fdpatin.cl\/index.php\/wp-json\/wp\/v2\/tags?post=1285"}],"curies":[{"name":"wp","href":"https:\/\/api.w.org\/{rel}","templated":true}]}}