{"id":1144,"date":"2026-04-30T19:15:32","date_gmt":"2026-04-30T19:15:32","guid":{"rendered":"https:\/\/fdpatin.cl\/?p=1144"},"modified":"2026-05-01T01:52:54","modified_gmt":"2026-05-01T01:52:54","slug":"selecciones-de-hockey-patin-presentaron-a-su-cuerpo-tecnico","status":"publish","type":"post","link":"https:\/\/fdpatin.cl\/index.php\/2026\/04\/30\/selecciones-de-hockey-patin-presentaron-a-su-cuerpo-tecnico\/","title":{"rendered":"Selecciones de Hockey-Pat\u00edn Presentaron a su Cuerpo T\u00e9cnico"},"content":{"rendered":"<figure id=\"attachment_1145\" aria-describedby=\"caption-attachment-1145\" style=\"width: 720px\" class=\"wp-caption aligncenter\"><img fetchpriority=\"high\" decoding=\"async\" class=\"wp-image-1145 size-full\" src=\"https:\/\/fdpatin.cl\/wp-content\/uploads\/2026\/04\/guglielmini.png\" alt=\"\" width=\"720\" height=\"450\" srcset=\"https:\/\/fdpatin.cl\/wp-content\/uploads\/2026\/04\/guglielmini.png 720w, https:\/\/fdpatin.cl\/wp-content\/uploads\/2026\/04\/guglielmini-300x188.png 300w\" sizes=\"(max-width: 720px) 100vw, 720px\" \/><figcaption id=\"caption-attachment-1145\" class=\"wp-caption-text\">Guglielmini, Belbruno y Raed, el triunvirato que tiene a su cargo las Selecciones Nacionales de Hockey-pat\u00edn.<\/figcaption><\/figure>\n<p>En una ceremonia realizada este jueves en el Sal\u00f3n Plenarios del Comit\u00e9 Ol\u00edmpico fue presentada la cabina t\u00e9cnica de las Selecciones Nacionales con miras a los pr\u00f3ximos World Skate Games de Paraguay 2026.<\/p>\n<p>Como director t\u00e9cnico general fue designado el estratego sanjuanino Miguel \u00c1ngel Belbruno, quien ser\u00e1 acompa\u00f1ado por Osvaldo Raed, como Primer T\u00e9cnico; y Javier Guglielmini, a cargo de la Selecci\u00f3n Femenina.<\/p>\n<p>Belbruno cuenta con una dilatada trayectoria como entrenador, tanto a nivel de Selecciones Nacionales como en el de clubes. En el primer \u00e1mbito, dirigi\u00f3 a Colombia en el Mundial de San Juan 2011, alcanzando el puesto 12; a Brasil en la cita de Angola 2013, obteniendo la sexta ubicaci\u00f3n entre 16 competidores; y al conjunto africano Angola en San Juan 2022, registrando la sexta casilla y dejando como recuerdo el pleito con Italia en Cuartos de Final como uno de los mejores cotejos de aquel Mundial.<\/p>\n<p>A nivel de clubes, adem\u00e1s de ser multicampe\u00f3n sanjuanino y nacional con diversos equipos, con Concepci\u00f3n PC fue triple campe\u00f3n sudamericano (1999, 2006, 2008) m\u00e1s un panamericano (2017) agregando otro t\u00edtulo continental con Hurac\u00e1n, en la cita disputada en Sertaozinho en 2011. Tambi\u00e9n dirigi\u00f3 en la Liga italiana al Novara, HC G\u00e9nova y a las juveniles del Vercelli.<\/p>\n<p>Previamente, en su derrotero como jugador form\u00f3 en CPC, en la competencia italiana -Forte dei Marmi, Thiene, Lodi y Vercelli- y en la de Buenos Aires.<\/p>\n<p>Por su parte, Osvaldo Raed ya labor\u00f3 junto a Belbruno en la Selecci\u00f3n Angole\u00f1a en el Mundial de San Juan 2022 y, actualmente, tiene a su cargo a los elencos de IDF. Con m\u00e1s de dos d\u00e9cadas como estratego, ha tenido a cargo al Valdagno y Sarzana, en Italia; adem\u00e1s de Concepci\u00f3n y Sarmiento de Albard\u00f3n, en la competencia sanjuanina. En IDF ya cumple su tercera temporada, alcanzando el a\u00f1o pasado con el equipo femenino el subcampeonato panamericano y la clasificaci\u00f3n al pr\u00f3ximo Mundial de Clubes.<\/p>\n<p>Como jugador el Taco fue seleccionado argentino -aline\u00f3 en la Copa de las Naciones 1993 m\u00e1s los Mundiales de 2001 y 2003- adem\u00e1s de vestir las casaquillas de Vercelli, Novara, Reggio Emilia, Prato, Valdagno y Sarzana en Italia.<\/p>\n<p>Finalmente, Javier Guglielmini, en tanto, es el vigente entrenador del equipo femenino de Red Star. Anteriormente, dirigi\u00f3 a Olimpia, Racing de Jachal y Media Agua. En 2023 lleg\u00f3 a nuestro pa\u00eds para iniciar un proceso en Tornado de Chill\u00e1n, estaci\u00f3n previa a su llegada al club de Villa Macul al a\u00f1o siguiente. Como hockista form\u00f3 en Olimpia, Centro Valenciano, Banco Hispano, Social San Juan y en Thomas Bata.<\/p>\n<p>Completan el cuerpo t\u00e9cnico Guillermo Fernandoy y Javier Meneses, quienes con su firma Enaction estar\u00e1n a cargo de la preparaci\u00f3n f\u00edsica y kinesiolog\u00eda de las Selecciones Nacionales.<\/p>\n<p>Al respecto, el comisionado del hockey-pat\u00edn, Miguel Lorca, expuso que \u201cel objetivo es armar un cuerpo t\u00e9cnico completo, con una planificaci\u00f3n a tres a\u00f1os. Se realiz\u00f3 todo a trav\u00e9s del conducto regular, solicitando a varios entrenadores sus correspondientes proyectos los que se analizaron con personeros de la Federaci\u00f3n. Se lleg\u00f3 a la decisi\u00f3n final con esta buena opci\u00f3n de traer a Miguel \u00c1ngel Belbruno, sabiendo que a principios de a\u00f1o fue la primera opci\u00f3n para reemplazar a Jos\u00e9 Luis P\u00e1ez, cuando \u00e9l hab\u00eda presentado su renuncia. Viendo su curr\u00edculum y experiencia, con lo que realiz\u00f3 con Angola hace cuatro a\u00f1os, creemos en su propuesta\u201d, concluy\u00f3.<\/p>\n<p>Por de pronto, Miguel \u00c1ngel Belbruno asistir\u00e1 a las canchas de Pe\u00f1aflor y Padre Hurtado para presenciar los Nacionales de Clubes y comenzar a sacar conclusiones sobre sus primeros convocados.<\/p>\n","protected":false},"excerpt":{"rendered":"<p>En una ceremonia realizada este jueves en el Sal\u00f3n Plenarios del Comit\u00e9 Ol\u00edmpico fue presentada la cabina t\u00e9cnica de las Selecciones Nacionales con miras a los pr\u00f3ximos World Skate Games&hellip; <\/p>\n","protected":false},"author":1,"featured_media":1145,"comment_status":"open","ping_status":"open","sticky":false,"template":"","format":"standard","meta":{"footnotes":""},"categories":[23],"tags":[],"class_list":["post-1144","post","type-post","status-publish","format-standard","has-post-thumbnail","hentry","category-hockey-patin"],"yoast_head":"<!-- This site is optimized with the Yoast SEO plugin v25.0 - https:\/\/yoast.com\/wordpress\/plugins\/seo\/ -->\n<title>Selecciones de Hockey-Pat\u00edn Presentaron a su Cuerpo T\u00e9cnico - FD Chilena de Patinaje<\/title>\n<meta name=\"robots\" content=\"index, follow, max-snippet:-1, max-image-preview:large, max-video-preview:-1\" \/>\n<link rel=\"canonical\" href=\"https:\/\/fdpatin.cl\/index.php\/2026\/04\/30\/selecciones-de-hockey-patin-presentaron-a-su-cuerpo-tecnico\/\" \/>\n<meta property=\"og:locale\" content=\"es_ES\" \/>\n<meta property=\"og:type\" content=\"article\" \/>\n<meta property=\"og:title\" content=\"Selecciones de Hockey-Pat\u00edn Presentaron a su Cuerpo T\u00e9cnico - FD Chilena de Patinaje\" \/>\n<meta property=\"og:description\" content=\"En una ceremonia realizada este jueves en el Sal\u00f3n Plenarios del Comit\u00e9 Ol\u00edmpico fue presentada la cabina t\u00e9cnica de las Selecciones Nacionales con miras a los pr\u00f3ximos World Skate Games&hellip;\" \/>\n<meta property=\"og:url\" content=\"https:\/\/fdpatin.cl\/index.php\/2026\/04\/30\/selecciones-de-hockey-patin-presentaron-a-su-cuerpo-tecnico\/\" \/>\n<meta property=\"og:site_name\" content=\"FD Chilena de Patinaje\" \/>\n<meta property=\"article:published_time\" content=\"2026-04-30T19:15:32+00:00\" \/>\n<meta property=\"article:modified_time\" content=\"2026-05-01T01:52:54+00:00\" \/>\n<meta property=\"og:image\" content=\"https:\/\/fdpatin.cl\/wp-content\/uploads\/2026\/04\/guglielmini.png\" \/>\n\t<meta property=\"og:image:width\" content=\"720\" \/>\n\t<meta property=\"og:image:height\" content=\"450\" \/>\n\t<meta property=\"og:image:type\" content=\"image\/png\" \/>\n<meta name=\"author\" content=\"admin\" \/>\n<meta name=\"twitter:card\" content=\"summary_large_image\" \/>\n<meta name=\"twitter:label1\" content=\"Escrito por\" \/>\n\t<meta name=\"twitter:data1\" content=\"admin\" \/>\n\t<meta name=\"twitter:label2\" content=\"Tiempo de lectura\" \/>\n\t<meta name=\"twitter:data2\" content=\"4 minutos\" \/>\n<script type=\"application\/ld+json\" class=\"yoast-schema-graph\">{\"@context\":\"https:\/\/schema.org\",\"@graph\":[{\"@type\":\"Article\",\"@id\":\"https:\/\/fdpatin.cl\/index.php\/2026\/04\/30\/selecciones-de-hockey-patin-presentaron-a-su-cuerpo-tecnico\/#article\",\"isPartOf\":{\"@id\":\"https:\/\/fdpatin.cl\/index.php\/2026\/04\/30\/selecciones-de-hockey-patin-presentaron-a-su-cuerpo-tecnico\/\"},\"author\":{\"name\":\"admin\",\"@id\":\"https:\/\/fdpatin.cl\/#\/schema\/person\/d6998acd6075ce1c4f791a931dc932c4\"},\"headline\":\"Selecciones de Hockey-Pat\u00edn Presentaron a su Cuerpo T\u00e9cnico\",\"datePublished\":\"2026-04-30T19:15:32+00:00\",\"dateModified\":\"2026-05-01T01:52:54+00:00\",\"mainEntityOfPage\":{\"@id\":\"https:\/\/fdpatin.cl\/index.php\/2026\/04\/30\/selecciones-de-hockey-patin-presentaron-a-su-cuerpo-tecnico\/\"},\"wordCount\":660,\"commentCount\":0,\"publisher\":{\"@id\":\"https:\/\/fdpatin.cl\/#organization\"},\"image\":{\"@id\":\"https:\/\/fdpatin.cl\/index.php\/2026\/04\/30\/selecciones-de-hockey-patin-presentaron-a-su-cuerpo-tecnico\/#primaryimage\"},\"thumbnailUrl\":\"https:\/\/fdpatin.cl\/wp-content\/uploads\/2026\/04\/guglielmini.png\",\"articleSection\":[\"Hockey Pat\u00edn\"],\"inLanguage\":\"es\",\"potentialAction\":[{\"@type\":\"CommentAction\",\"name\":\"Comment\",\"target\":[\"https:\/\/fdpatin.cl\/index.php\/2026\/04\/30\/selecciones-de-hockey-patin-presentaron-a-su-cuerpo-tecnico\/#respond\"]}]},{\"@type\":\"WebPage\",\"@id\":\"https:\/\/fdpatin.cl\/index.php\/2026\/04\/30\/selecciones-de-hockey-patin-presentaron-a-su-cuerpo-tecnico\/\",\"url\":\"https:\/\/fdpatin.cl\/index.php\/2026\/04\/30\/selecciones-de-hockey-patin-presentaron-a-su-cuerpo-tecnico\/\",\"name\":\"Selecciones de Hockey-Pat\u00edn Presentaron a su Cuerpo T\u00e9cnico - FD Chilena de Patinaje\",\"isPartOf\":{\"@id\":\"https:\/\/fdpatin.cl\/#website\"},\"primaryImageOfPage\":{\"@id\":\"https:\/\/fdpatin.cl\/index.php\/2026\/04\/30\/selecciones-de-hockey-patin-presentaron-a-su-cuerpo-tecnico\/#primaryimage\"},\"image\":{\"@id\":\"https:\/\/fdpatin.cl\/index.php\/2026\/04\/30\/selecciones-de-hockey-patin-presentaron-a-su-cuerpo-tecnico\/#primaryimage\"},\"thumbnailUrl\":\"https:\/\/fdpatin.cl\/wp-content\/uploads\/2026\/04\/guglielmini.png\",\"datePublished\":\"2026-04-30T19:15:32+00:00\",\"dateModified\":\"2026-05-01T01:52:54+00:00\",\"breadcrumb\":{\"@id\":\"https:\/\/fdpatin.cl\/index.php\/2026\/04\/30\/selecciones-de-hockey-patin-presentaron-a-su-cuerpo-tecnico\/#breadcrumb\"},\"inLanguage\":\"es\",\"potentialAction\":[{\"@type\":\"ReadAction\",\"target\":[\"https:\/\/fdpatin.cl\/index.php\/2026\/04\/30\/selecciones-de-hockey-patin-presentaron-a-su-cuerpo-tecnico\/\"]}]},{\"@type\":\"ImageObject\",\"inLanguage\":\"es\",\"@id\":\"https:\/\/fdpatin.cl\/index.php\/2026\/04\/30\/selecciones-de-hockey-patin-presentaron-a-su-cuerpo-tecnico\/#primaryimage\",\"url\":\"https:\/\/fdpatin.cl\/wp-content\/uploads\/2026\/04\/guglielmini.png\",\"contentUrl\":\"https:\/\/fdpatin.cl\/wp-content\/uploads\/2026\/04\/guglielmini.png\",\"width\":720,\"height\":450,\"caption\":\"Guglielmini, Belbruno y Raed, el triunvirato que tiene a su cargo las Selecciones Nacionales de Hockey-pat\u00edn.\"},{\"@type\":\"BreadcrumbList\",\"@id\":\"https:\/\/fdpatin.cl\/index.php\/2026\/04\/30\/selecciones-de-hockey-patin-presentaron-a-su-cuerpo-tecnico\/#breadcrumb\",\"itemListElement\":[{\"@type\":\"ListItem\",\"position\":1,\"name\":\"Portada\",\"item\":\"https:\/\/fdpatin.cl\/\"},{\"@type\":\"ListItem\",\"position\":2,\"name\":\"Selecciones de Hockey-Pat\u00edn Presentaron a su Cuerpo T\u00e9cnico\"}]},{\"@type\":\"WebSite\",\"@id\":\"https:\/\/fdpatin.cl\/#website\",\"url\":\"https:\/\/fdpatin.cl\/\",\"name\":\"FD Chilena de Patinaje\",\"description\":\"\",\"publisher\":{\"@id\":\"https:\/\/fdpatin.cl\/#organization\"},\"potentialAction\":[{\"@type\":\"SearchAction\",\"target\":{\"@type\":\"EntryPoint\",\"urlTemplate\":\"https:\/\/fdpatin.cl\/?s={search_term_string}\"},\"query-input\":{\"@type\":\"PropertyValueSpecification\",\"valueRequired\":true,\"valueName\":\"search_term_string\"}}],\"inLanguage\":\"es\"},{\"@type\":\"Organization\",\"@id\":\"https:\/\/fdpatin.cl\/#organization\",\"name\":\"FD Chilena de Patinaje\",\"url\":\"https:\/\/fdpatin.cl\/\",\"logo\":{\"@type\":\"ImageObject\",\"inLanguage\":\"es\",\"@id\":\"https:\/\/fdpatin.cl\/#\/schema\/logo\/image\/\",\"url\":\"https:\/\/fdpatin.cl\/wp-content\/uploads\/2023\/07\/Logo-fdpatin_new.png\",\"contentUrl\":\"https:\/\/fdpatin.cl\/wp-content\/uploads\/2023\/07\/Logo-fdpatin_new.png\",\"width\":114,\"height\":90,\"caption\":\"FD Chilena de Patinaje\"},\"image\":{\"@id\":\"https:\/\/fdpatin.cl\/#\/schema\/logo\/image\/\"}},{\"@type\":\"Person\",\"@id\":\"https:\/\/fdpatin.cl\/#\/schema\/person\/d6998acd6075ce1c4f791a931dc932c4\",\"name\":\"admin\",\"image\":{\"@type\":\"ImageObject\",\"inLanguage\":\"es\",\"@id\":\"https:\/\/fdpatin.cl\/#\/schema\/person\/image\/\",\"url\":\"https:\/\/secure.gravatar.com\/avatar\/3cd05e3a1d80656f5e9f6dd0a2ca93e0627323057146c6291766f7b7f8055955?s=96&d=mm&r=g\",\"contentUrl\":\"https:\/\/secure.gravatar.com\/avatar\/3cd05e3a1d80656f5e9f6dd0a2ca93e0627323057146c6291766f7b7f8055955?s=96&d=mm&r=g\",\"caption\":\"admin\"},\"sameAs\":[\"https:\/\/fdpatin.cl\"],\"url\":\"https:\/\/fdpatin.cl\/index.php\/author\/adminfdn\/\"}]}<\/script>\n<!-- \/ Yoast SEO plugin. -->","yoast_head_json":{"title":"Selecciones de Hockey-Pat\u00edn Presentaron a su Cuerpo T\u00e9cnico - FD Chilena de Patinaje","robots":{"index":"index","follow":"follow","max-snippet":"max-snippet:-1","max-image-preview":"max-image-preview:large","max-video-preview":"max-video-preview:-1"},"canonical":"https:\/\/fdpatin.cl\/index.php\/2026\/04\/30\/selecciones-de-hockey-patin-presentaron-a-su-cuerpo-tecnico\/","og_locale":"es_ES","og_type":"article","og_title":"Selecciones de Hockey-Pat\u00edn Presentaron a su Cuerpo T\u00e9cnico - FD Chilena de Patinaje","og_description":"En una ceremonia realizada este jueves en el Sal\u00f3n Plenarios del Comit\u00e9 Ol\u00edmpico fue presentada la cabina t\u00e9cnica de las Selecciones Nacionales con miras a los pr\u00f3ximos World Skate Games&hellip;","og_url":"https:\/\/fdpatin.cl\/index.php\/2026\/04\/30\/selecciones-de-hockey-patin-presentaron-a-su-cuerpo-tecnico\/","og_site_name":"FD Chilena de Patinaje","article_published_time":"2026-04-30T19:15:32+00:00","article_modified_time":"2026-05-01T01:52:54+00:00","og_image":[{"width":720,"height":450,"url":"https:\/\/fdpatin.cl\/wp-content\/uploads\/2026\/04\/guglielmini.png","type":"image\/png"}],"author":"admin","twitter_card":"summary_large_image","twitter_misc":{"Escrito por":"admin","Tiempo de lectura":"4 minutos"},"schema":{"@context":"https:\/\/schema.org","@graph":[{"@type":"Article","@id":"https:\/\/fdpatin.cl\/index.php\/2026\/04\/30\/selecciones-de-hockey-patin-presentaron-a-su-cuerpo-tecnico\/#article","isPartOf":{"@id":"https:\/\/fdpatin.cl\/index.php\/2026\/04\/30\/selecciones-de-hockey-patin-presentaron-a-su-cuerpo-tecnico\/"},"author":{"name":"admin","@id":"https:\/\/fdpatin.cl\/#\/schema\/person\/d6998acd6075ce1c4f791a931dc932c4"},"headline":"Selecciones de Hockey-Pat\u00edn Presentaron a su Cuerpo T\u00e9cnico","datePublished":"2026-04-30T19:15:32+00:00","dateModified":"2026-05-01T01:52:54+00:00","mainEntityOfPage":{"@id":"https:\/\/fdpatin.cl\/index.php\/2026\/04\/30\/selecciones-de-hockey-patin-presentaron-a-su-cuerpo-tecnico\/"},"wordCount":660,"commentCount":0,"publisher":{"@id":"https:\/\/fdpatin.cl\/#organization"},"image":{"@id":"https:\/\/fdpatin.cl\/index.php\/2026\/04\/30\/selecciones-de-hockey-patin-presentaron-a-su-cuerpo-tecnico\/#primaryimage"},"thumbnailUrl":"https:\/\/fdpatin.cl\/wp-content\/uploads\/2026\/04\/guglielmini.png","articleSection":["Hockey Pat\u00edn"],"inLanguage":"es","potentialAction":[{"@type":"CommentAction","name":"Comment","target":["https:\/\/fdpatin.cl\/index.php\/2026\/04\/30\/selecciones-de-hockey-patin-presentaron-a-su-cuerpo-tecnico\/#respond"]}]},{"@type":"WebPage","@id":"https:\/\/fdpatin.cl\/index.php\/2026\/04\/30\/selecciones-de-hockey-patin-presentaron-a-su-cuerpo-tecnico\/","url":"https:\/\/fdpatin.cl\/index.php\/2026\/04\/30\/selecciones-de-hockey-patin-presentaron-a-su-cuerpo-tecnico\/","name":"Selecciones de Hockey-Pat\u00edn Presentaron a su Cuerpo T\u00e9cnico - FD Chilena de Patinaje","isPartOf":{"@id":"https:\/\/fdpatin.cl\/#website"},"primaryImageOfPage":{"@id":"https:\/\/fdpatin.cl\/index.php\/2026\/04\/30\/selecciones-de-hockey-patin-presentaron-a-su-cuerpo-tecnico\/#primaryimage"},"image":{"@id":"https:\/\/fdpatin.cl\/index.php\/2026\/04\/30\/selecciones-de-hockey-patin-presentaron-a-su-cuerpo-tecnico\/#primaryimage"},"thumbnailUrl":"https:\/\/fdpatin.cl\/wp-content\/uploads\/2026\/04\/guglielmini.png","datePublished":"2026-04-30T19:15:32+00:00","dateModified":"2026-05-01T01:52:54+00:00","breadcrumb":{"@id":"https:\/\/fdpatin.cl\/index.php\/2026\/04\/30\/selecciones-de-hockey-patin-presentaron-a-su-cuerpo-tecnico\/#breadcrumb"},"inLanguage":"es","potentialAction":[{"@type":"ReadAction","target":["https:\/\/fdpatin.cl\/index.php\/2026\/04\/30\/selecciones-de-hockey-patin-presentaron-a-su-cuerpo-tecnico\/"]}]},{"@type":"ImageObject","inLanguage":"es","@id":"https:\/\/fdpatin.cl\/index.php\/2026\/04\/30\/selecciones-de-hockey-patin-presentaron-a-su-cuerpo-tecnico\/#primaryimage","url":"https:\/\/fdpatin.cl\/wp-content\/uploads\/2026\/04\/guglielmini.png","contentUrl":"https:\/\/fdpatin.cl\/wp-content\/uploads\/2026\/04\/guglielmini.png","width":720,"height":450,"caption":"Guglielmini, Belbruno y Raed, el triunvirato que tiene a su cargo las Selecciones Nacionales de Hockey-pat\u00edn."},{"@type":"BreadcrumbList","@id":"https:\/\/fdpatin.cl\/index.php\/2026\/04\/30\/selecciones-de-hockey-patin-presentaron-a-su-cuerpo-tecnico\/#breadcrumb","itemListElement":[{"@type":"ListItem","position":1,"name":"Portada","item":"https:\/\/fdpatin.cl\/"},{"@type":"ListItem","position":2,"name":"Selecciones de Hockey-Pat\u00edn Presentaron a su Cuerpo T\u00e9cnico"}]},{"@type":"WebSite","@id":"https:\/\/fdpatin.cl\/#website","url":"https:\/\/fdpatin.cl\/","name":"FD Chilena de Patinaje","description":"","publisher":{"@id":"https:\/\/fdpatin.cl\/#organization"},"potentialAction":[{"@type":"SearchAction","target":{"@type":"EntryPoint","urlTemplate":"https:\/\/fdpatin.cl\/?s={search_term_string}"},"query-input":{"@type":"PropertyValueSpecification","valueRequired":true,"valueName":"search_term_string"}}],"inLanguage":"es"},{"@type":"Organization","@id":"https:\/\/fdpatin.cl\/#organization","name":"FD Chilena de Patinaje","url":"https:\/\/fdpatin.cl\/","logo":{"@type":"ImageObject","inLanguage":"es","@id":"https:\/\/fdpatin.cl\/#\/schema\/logo\/image\/","url":"https:\/\/fdpatin.cl\/wp-content\/uploads\/2023\/07\/Logo-fdpatin_new.png","contentUrl":"https:\/\/fdpatin.cl\/wp-content\/uploads\/2023\/07\/Logo-fdpatin_new.png","width":114,"height":90,"caption":"FD Chilena de Patinaje"},"image":{"@id":"https:\/\/fdpatin.cl\/#\/schema\/logo\/image\/"}},{"@type":"Person","@id":"https:\/\/fdpatin.cl\/#\/schema\/person\/d6998acd6075ce1c4f791a931dc932c4","name":"admin","image":{"@type":"ImageObject","inLanguage":"es","@id":"https:\/\/fdpatin.cl\/#\/schema\/person\/image\/","url":"https:\/\/secure.gravatar.com\/avatar\/3cd05e3a1d80656f5e9f6dd0a2ca93e0627323057146c6291766f7b7f8055955?s=96&d=mm&r=g","contentUrl":"https:\/\/secure.gravatar.com\/avatar\/3cd05e3a1d80656f5e9f6dd0a2ca93e0627323057146c6291766f7b7f8055955?s=96&d=mm&r=g","caption":"admin"},"sameAs":["https:\/\/fdpatin.cl"],"url":"https:\/\/fdpatin.cl\/index.php\/author\/adminfdn\/"}]}},"_links":{"self":[{"href":"https:\/\/fdpatin.cl\/index.php\/wp-json\/wp\/v2\/posts\/1144","targetHints":{"allow":["GET"]}}],"collection":[{"href":"https:\/\/fdpatin.cl\/index.php\/wp-json\/wp\/v2\/posts"}],"about":[{"href":"https:\/\/fdpatin.cl\/index.php\/wp-json\/wp\/v2\/types\/post"}],"author":[{"embeddable":true,"href":"https:\/\/fdpatin.cl\/index.php\/wp-json\/wp\/v2\/users\/1"}],"replies":[{"embeddable":true,"href":"https:\/\/fdpatin.cl\/index.php\/wp-json\/wp\/v2\/comments?post=1144"}],"version-history":[{"count":1,"href":"https:\/\/fdpatin.cl\/index.php\/wp-json\/wp\/v2\/posts\/1144\/revisions"}],"predecessor-version":[{"id":1146,"href":"https:\/\/fdpatin.cl\/index.php\/wp-json\/wp\/v2\/posts\/1144\/revisions\/1146"}],"wp:featuredmedia":[{"embeddable":true,"href":"https:\/\/fdpatin.cl\/index.php\/wp-json\/wp\/v2\/media\/1145"}],"wp:attachment":[{"href":"https:\/\/fdpatin.cl\/index.php\/wp-json\/wp\/v2\/media?parent=1144"}],"wp:term":[{"taxonomy":"category","embeddable":true,"href":"https:\/\/fdpatin.cl\/index.php\/wp-json\/wp\/v2\/categories?post=1144"},{"taxonomy":"post_tag","embeddable":true,"href":"https:\/\/fdpatin.cl\/index.php\/wp-json\/wp\/v2\/tags?post=1144"}],"curies":[{"name":"wp","href":"https:\/\/api.w.org\/{rel}","templated":true}]}}