{"id":1135,"date":"2026-04-27T21:25:14","date_gmt":"2026-04-27T21:25:14","guid":{"rendered":"https:\/\/fdpatin.cl\/?p=1135"},"modified":"2026-04-27T21:26:36","modified_gmt":"2026-04-27T21:26:36","slug":"patinaje-artistico-chileno-se-lucio-en-la-world-cup-de-buenos-aires","status":"publish","type":"post","link":"https:\/\/fdpatin.cl\/index.php\/2026\/04\/27\/patinaje-artistico-chileno-se-lucio-en-la-world-cup-de-buenos-aires\/","title":{"rendered":"Patinaje Art\u00edstico Chileno Se Luci\u00f3 en la World Cup de Buenos Aires"},"content":{"rendered":"<figure id=\"attachment_1136\" aria-describedby=\"caption-attachment-1136\" style=\"width: 720px\" class=\"wp-caption aligncenter\"><img fetchpriority=\"high\" decoding=\"async\" class=\"wp-image-1136 size-full\" src=\"https:\/\/fdpatin.cl\/wp-content\/uploads\/2026\/04\/patin01.png\" alt=\"\" width=\"720\" height=\"450\" srcset=\"https:\/\/fdpatin.cl\/wp-content\/uploads\/2026\/04\/patin01.png 720w, https:\/\/fdpatin.cl\/wp-content\/uploads\/2026\/04\/patin01-300x188.png 300w\" sizes=\"(max-width: 720px) 100vw, 720px\" \/><figcaption id=\"caption-attachment-1136\" class=\"wp-caption-text\">La delegaci\u00f3n nacional en Buenos Aires. Nuevamente, el patinaje art\u00edstico chileno hizo historia en Artistic World Cup.<\/figcaption><\/figure>\n<p style=\"font-weight: 400;\">Extendiendo los logros de la pasada temporada, la disciplina protagoniz\u00f3 un destacable rendimiento en la primera Semifinal de la Artistic World Cup realizada en Buenos Aires, realizada entre el 11 y 19 de abril reci\u00e9n pasado.<\/p>\n<p style=\"font-weight: 400;\">Con una delegaci\u00f3n de 64 deportistas desde las categor\u00edas Mini a Senior -34 en la modalidad Solo Dance y 30 en Freeskating- el representativo nacional anot\u00f3 destacables resultados entre los muchos exponentes del patinaje art\u00edstico mundial que se hicieron presentes en la capital argentina.<\/p>\n<p style=\"font-weight: 400;\"><strong>Freeskating.\u00a0<\/strong>Entre los resultados m\u00e1s relevantes del certamen, en categor\u00eda Espoir Freeskating, Amalia Santander obtuvo medalla de oro con un puntaje de 55.67, imponi\u00e9ndose a la representante local In\u00e9s Arias 49.45 puntos. Paralelamente, Agustina M\u00e9ndez alcanz\u00f3 la medalla de bronce con 44.79 puntos, en una categor\u00eda marcada por un alto nivel t\u00e9cnico y competitivo.<\/p>\n<p style=\"font-weight: 400;\">En Espoir Solo Dance, Violeta Acu\u00f1a ratific\u00f3 su nivel internacional al adjudicarse nuevamente la presea dorada, logrando por segundo a\u00f1o consecutivo el primer lugar en esta categor\u00eda y mejorando adem\u00e1s su marca personal con 42.19 puntos.<\/p>\n<p style=\"font-weight: 400;\">Por su parte, en Mini Freeskating, Mart\u00edn Romero sum\u00f3 al medallero nacional al obtener plata con 26.69 puntos, consolid\u00e1ndose como una de las j\u00f3venes promesas del patinaje nacional.<\/p>\n<p style=\"font-weight: 400;\">Tambi\u00e9n destacaron importantes actuaciones individuales dentro de distintas categor\u00edas internacionales Josefa Ramos, quien alcanz\u00f3 el cuarto lugar en categor\u00eda Junior Freeskating con 126.59 puntos.<\/p>\n<p style=\"font-weight: 400;\">Florencia Zapata obtuvo el s\u00e9ptimo puesto en Junior Freeskating con 115.21 puntos; mientras que Mar\u00eda Josefina Ruiz finaliz\u00f3 en el quinto lugar en Cadet Freeskating con 79.88 puntos.<\/p>\n<p style=\"font-weight: 400;\">Paz Figueroa logr\u00f3 en la sexta casilla en Mini Freeskating con 29.54 puntos; a la par que Alonso Canales obtuvo el cuarto lugar en Youth Freeskating con 82.09 puntos.<\/p>\n<figure id=\"attachment_1138\" aria-describedby=\"caption-attachment-1138\" style=\"width: 720px\" class=\"wp-caption aligncenter\"><img decoding=\"async\" class=\"wp-image-1138 size-full\" src=\"https:\/\/fdpatin.cl\/wp-content\/uploads\/2026\/04\/patin03.png\" alt=\"\" width=\"720\" height=\"685\" srcset=\"https:\/\/fdpatin.cl\/wp-content\/uploads\/2026\/04\/patin03.png 720w, https:\/\/fdpatin.cl\/wp-content\/uploads\/2026\/04\/patin03-300x285.png 300w\" sizes=\"(max-width: 720px) 100vw, 720px\" \/><figcaption id=\"caption-attachment-1138\" class=\"wp-caption-text\">Mart\u00edn Romero, a la izquierda, fue uno de los medallistas chilenos al alcanzar la presea de plata en Mini Freeskating.<\/figcaption><\/figure>\n<p style=\"font-weight: 400;\"><strong>Solo Dance.<\/strong>\u00a0En Solo Dance tambi\u00e9n se registraron destacadas participaciones: Victoria Morales alcanz\u00f3 el d\u00e9cimo lugar en categor\u00eda Junior Solo Dance con 111.46 puntos.<\/p>\n<p style=\"font-weight: 400;\">Paula Candia finaliz\u00f3 en el 12\u00b0 lugar en Junior Solo Dance con 110.03 puntos, en una categor\u00eda con 30 atletas en competencia.<\/p>\n<p style=\"font-weight: 400;\">Nicol\u00e1s Beltr\u00e1n obtuvo el 9\u00b0 lugar en Senior Solo Dance con 87.79 puntos.<\/p>\n<p style=\"font-weight: 400;\">Mayra D\u00edaz logr\u00f3 el 7\u00b0 lugar en Cadet Solo Dance con 89.09 puntos.<\/p>\n<p style=\"font-weight: 400;\">Magdalena Moreno finaliz\u00f3 en el 10\u00b0 lugar en Solo Dance con 96.67 puntos.<\/p>\n<p style=\"font-weight: 400;\">Laura Gonz\u00e1lez alcanz\u00f3 el 6\u00b0 lugar en Mini Solo Dance con 29.53 puntos.<\/p>\n<figure id=\"attachment_1137\" aria-describedby=\"caption-attachment-1137\" style=\"width: 720px\" class=\"wp-caption aligncenter\"><img decoding=\"async\" class=\"wp-image-1137 size-full\" src=\"https:\/\/fdpatin.cl\/wp-content\/uploads\/2026\/04\/patin02.png\" alt=\"\" width=\"720\" height=\"894\" srcset=\"https:\/\/fdpatin.cl\/wp-content\/uploads\/2026\/04\/patin02.png 720w, https:\/\/fdpatin.cl\/wp-content\/uploads\/2026\/04\/patin02-242x300.png 242w\" sizes=\"(max-width: 720px) 100vw, 720px\" \/><figcaption id=\"caption-attachment-1137\" class=\"wp-caption-text\">La Jefa T\u00e9cnica de la disciplina, Francisca Antoine, junto a algunos integrantes del equipo chileno. La disciplina tiene amplias perspectivas en el corto y mediano plazo.<\/figcaption><\/figure>\n<p style=\"font-weight: 400;\"><strong>Proyecciones.<\/strong>\u00a0Con estos resultados, los atletas mencionados tienen certeras posibilidades de clasificar a la final World Cup, que se realizar\u00e1 en Italia de las categor\u00edas Cadet a Senior.<\/p>\n<p style=\"font-weight: 400;\">Desde el equipo t\u00e9cnico nacional valoraron especialmente el desempe\u00f1o general del representativo, destacando la evoluci\u00f3n t\u00e9cnica observada en este primer gran evento internacional de la temporada, considerado una instancia clave de medici\u00f3n continental de cara al Panamericano de la disciplina, programado para junio tambi\u00e9n en Buenos Aires.<\/p>\n","protected":false},"excerpt":{"rendered":"<p>Extendiendo los logros de la pasada temporada, la disciplina protagoniz\u00f3 un destacable rendimiento en la primera Semifinal de la Artistic World Cup realizada en Buenos Aires, realizada entre el 11&hellip; <\/p>\n","protected":false},"author":1,"featured_media":1136,"comment_status":"open","ping_status":"open","sticky":false,"template":"","format":"standard","meta":{"footnotes":""},"categories":[48],"tags":[],"class_list":["post-1135","post","type-post","status-publish","format-standard","has-post-thumbnail","hentry","category-patinaje-artistico"],"yoast_head":"<!-- This site is optimized with the Yoast SEO plugin v25.0 - https:\/\/yoast.com\/wordpress\/plugins\/seo\/ -->\n<title>Patinaje Art\u00edstico Chileno Se Luci\u00f3 en la World Cup de Buenos Aires - FD Chilena de Patinaje<\/title>\n<meta name=\"robots\" content=\"index, follow, max-snippet:-1, max-image-preview:large, max-video-preview:-1\" \/>\n<link rel=\"canonical\" href=\"https:\/\/fdpatin.cl\/index.php\/2026\/04\/27\/patinaje-artistico-chileno-se-lucio-en-la-world-cup-de-buenos-aires\/\" \/>\n<meta property=\"og:locale\" content=\"es_ES\" \/>\n<meta property=\"og:type\" content=\"article\" \/>\n<meta property=\"og:title\" content=\"Patinaje Art\u00edstico Chileno Se Luci\u00f3 en la World Cup de Buenos Aires - FD Chilena de Patinaje\" \/>\n<meta property=\"og:description\" content=\"Extendiendo los logros de la pasada temporada, la disciplina protagoniz\u00f3 un destacable rendimiento en la primera Semifinal de la Artistic World Cup realizada en Buenos Aires, realizada entre el 11&hellip;\" \/>\n<meta property=\"og:url\" content=\"https:\/\/fdpatin.cl\/index.php\/2026\/04\/27\/patinaje-artistico-chileno-se-lucio-en-la-world-cup-de-buenos-aires\/\" \/>\n<meta property=\"og:site_name\" content=\"FD Chilena de Patinaje\" \/>\n<meta property=\"article:published_time\" content=\"2026-04-27T21:25:14+00:00\" \/>\n<meta property=\"article:modified_time\" content=\"2026-04-27T21:26:36+00:00\" \/>\n<meta property=\"og:image\" content=\"https:\/\/fdpatin.cl\/wp-content\/uploads\/2026\/04\/patin01.png\" \/>\n\t<meta property=\"og:image:width\" content=\"720\" \/>\n\t<meta property=\"og:image:height\" content=\"450\" \/>\n\t<meta property=\"og:image:type\" content=\"image\/png\" \/>\n<meta name=\"author\" content=\"admin\" \/>\n<meta name=\"twitter:card\" content=\"summary_large_image\" \/>\n<meta name=\"twitter:label1\" content=\"Escrito por\" \/>\n\t<meta name=\"twitter:data1\" content=\"admin\" \/>\n\t<meta name=\"twitter:label2\" content=\"Tiempo de lectura\" \/>\n\t<meta name=\"twitter:data2\" content=\"4 minutos\" \/>\n<script type=\"application\/ld+json\" class=\"yoast-schema-graph\">{\"@context\":\"https:\/\/schema.org\",\"@graph\":[{\"@type\":\"Article\",\"@id\":\"https:\/\/fdpatin.cl\/index.php\/2026\/04\/27\/patinaje-artistico-chileno-se-lucio-en-la-world-cup-de-buenos-aires\/#article\",\"isPartOf\":{\"@id\":\"https:\/\/fdpatin.cl\/index.php\/2026\/04\/27\/patinaje-artistico-chileno-se-lucio-en-la-world-cup-de-buenos-aires\/\"},\"author\":{\"name\":\"admin\",\"@id\":\"https:\/\/fdpatin.cl\/#\/schema\/person\/d6998acd6075ce1c4f791a931dc932c4\"},\"headline\":\"Patinaje Art\u00edstico Chileno Se Luci\u00f3 en la World Cup de Buenos Aires\",\"datePublished\":\"2026-04-27T21:25:14+00:00\",\"dateModified\":\"2026-04-27T21:26:36+00:00\",\"mainEntityOfPage\":{\"@id\":\"https:\/\/fdpatin.cl\/index.php\/2026\/04\/27\/patinaje-artistico-chileno-se-lucio-en-la-world-cup-de-buenos-aires\/\"},\"wordCount\":565,\"commentCount\":0,\"publisher\":{\"@id\":\"https:\/\/fdpatin.cl\/#organization\"},\"image\":{\"@id\":\"https:\/\/fdpatin.cl\/index.php\/2026\/04\/27\/patinaje-artistico-chileno-se-lucio-en-la-world-cup-de-buenos-aires\/#primaryimage\"},\"thumbnailUrl\":\"https:\/\/fdpatin.cl\/wp-content\/uploads\/2026\/04\/patin01.png\",\"articleSection\":[\"Patinaje Art\u00edstico\"],\"inLanguage\":\"es\",\"potentialAction\":[{\"@type\":\"CommentAction\",\"name\":\"Comment\",\"target\":[\"https:\/\/fdpatin.cl\/index.php\/2026\/04\/27\/patinaje-artistico-chileno-se-lucio-en-la-world-cup-de-buenos-aires\/#respond\"]}]},{\"@type\":\"WebPage\",\"@id\":\"https:\/\/fdpatin.cl\/index.php\/2026\/04\/27\/patinaje-artistico-chileno-se-lucio-en-la-world-cup-de-buenos-aires\/\",\"url\":\"https:\/\/fdpatin.cl\/index.php\/2026\/04\/27\/patinaje-artistico-chileno-se-lucio-en-la-world-cup-de-buenos-aires\/\",\"name\":\"Patinaje Art\u00edstico Chileno Se Luci\u00f3 en la World Cup de Buenos Aires - FD Chilena de Patinaje\",\"isPartOf\":{\"@id\":\"https:\/\/fdpatin.cl\/#website\"},\"primaryImageOfPage\":{\"@id\":\"https:\/\/fdpatin.cl\/index.php\/2026\/04\/27\/patinaje-artistico-chileno-se-lucio-en-la-world-cup-de-buenos-aires\/#primaryimage\"},\"image\":{\"@id\":\"https:\/\/fdpatin.cl\/index.php\/2026\/04\/27\/patinaje-artistico-chileno-se-lucio-en-la-world-cup-de-buenos-aires\/#primaryimage\"},\"thumbnailUrl\":\"https:\/\/fdpatin.cl\/wp-content\/uploads\/2026\/04\/patin01.png\",\"datePublished\":\"2026-04-27T21:25:14+00:00\",\"dateModified\":\"2026-04-27T21:26:36+00:00\",\"breadcrumb\":{\"@id\":\"https:\/\/fdpatin.cl\/index.php\/2026\/04\/27\/patinaje-artistico-chileno-se-lucio-en-la-world-cup-de-buenos-aires\/#breadcrumb\"},\"inLanguage\":\"es\",\"potentialAction\":[{\"@type\":\"ReadAction\",\"target\":[\"https:\/\/fdpatin.cl\/index.php\/2026\/04\/27\/patinaje-artistico-chileno-se-lucio-en-la-world-cup-de-buenos-aires\/\"]}]},{\"@type\":\"ImageObject\",\"inLanguage\":\"es\",\"@id\":\"https:\/\/fdpatin.cl\/index.php\/2026\/04\/27\/patinaje-artistico-chileno-se-lucio-en-la-world-cup-de-buenos-aires\/#primaryimage\",\"url\":\"https:\/\/fdpatin.cl\/wp-content\/uploads\/2026\/04\/patin01.png\",\"contentUrl\":\"https:\/\/fdpatin.cl\/wp-content\/uploads\/2026\/04\/patin01.png\",\"width\":720,\"height\":450,\"caption\":\"La delegaci\u00f3n nacional en Buenos Aires. Nuevamente, el patinaje art\u00edstico chileno hizo historia en Artistic World Cup.\"},{\"@type\":\"BreadcrumbList\",\"@id\":\"https:\/\/fdpatin.cl\/index.php\/2026\/04\/27\/patinaje-artistico-chileno-se-lucio-en-la-world-cup-de-buenos-aires\/#breadcrumb\",\"itemListElement\":[{\"@type\":\"ListItem\",\"position\":1,\"name\":\"Portada\",\"item\":\"https:\/\/fdpatin.cl\/\"},{\"@type\":\"ListItem\",\"position\":2,\"name\":\"Patinaje Art\u00edstico Chileno Se Luci\u00f3 en la World Cup de Buenos Aires\"}]},{\"@type\":\"WebSite\",\"@id\":\"https:\/\/fdpatin.cl\/#website\",\"url\":\"https:\/\/fdpatin.cl\/\",\"name\":\"FD Chilena de Patinaje\",\"description\":\"\",\"publisher\":{\"@id\":\"https:\/\/fdpatin.cl\/#organization\"},\"potentialAction\":[{\"@type\":\"SearchAction\",\"target\":{\"@type\":\"EntryPoint\",\"urlTemplate\":\"https:\/\/fdpatin.cl\/?s={search_term_string}\"},\"query-input\":{\"@type\":\"PropertyValueSpecification\",\"valueRequired\":true,\"valueName\":\"search_term_string\"}}],\"inLanguage\":\"es\"},{\"@type\":\"Organization\",\"@id\":\"https:\/\/fdpatin.cl\/#organization\",\"name\":\"FD Chilena de Patinaje\",\"url\":\"https:\/\/fdpatin.cl\/\",\"logo\":{\"@type\":\"ImageObject\",\"inLanguage\":\"es\",\"@id\":\"https:\/\/fdpatin.cl\/#\/schema\/logo\/image\/\",\"url\":\"https:\/\/fdpatin.cl\/wp-content\/uploads\/2023\/07\/Logo-fdpatin_new.png\",\"contentUrl\":\"https:\/\/fdpatin.cl\/wp-content\/uploads\/2023\/07\/Logo-fdpatin_new.png\",\"width\":114,\"height\":90,\"caption\":\"FD Chilena de Patinaje\"},\"image\":{\"@id\":\"https:\/\/fdpatin.cl\/#\/schema\/logo\/image\/\"}},{\"@type\":\"Person\",\"@id\":\"https:\/\/fdpatin.cl\/#\/schema\/person\/d6998acd6075ce1c4f791a931dc932c4\",\"name\":\"admin\",\"image\":{\"@type\":\"ImageObject\",\"inLanguage\":\"es\",\"@id\":\"https:\/\/fdpatin.cl\/#\/schema\/person\/image\/\",\"url\":\"https:\/\/secure.gravatar.com\/avatar\/3cd05e3a1d80656f5e9f6dd0a2ca93e0627323057146c6291766f7b7f8055955?s=96&d=mm&r=g\",\"contentUrl\":\"https:\/\/secure.gravatar.com\/avatar\/3cd05e3a1d80656f5e9f6dd0a2ca93e0627323057146c6291766f7b7f8055955?s=96&d=mm&r=g\",\"caption\":\"admin\"},\"sameAs\":[\"https:\/\/fdpatin.cl\"],\"url\":\"https:\/\/fdpatin.cl\/index.php\/author\/adminfdn\/\"}]}<\/script>\n<!-- \/ Yoast SEO plugin. -->","yoast_head_json":{"title":"Patinaje Art\u00edstico Chileno Se Luci\u00f3 en la World Cup de Buenos Aires - FD Chilena de Patinaje","robots":{"index":"index","follow":"follow","max-snippet":"max-snippet:-1","max-image-preview":"max-image-preview:large","max-video-preview":"max-video-preview:-1"},"canonical":"https:\/\/fdpatin.cl\/index.php\/2026\/04\/27\/patinaje-artistico-chileno-se-lucio-en-la-world-cup-de-buenos-aires\/","og_locale":"es_ES","og_type":"article","og_title":"Patinaje Art\u00edstico Chileno Se Luci\u00f3 en la World Cup de Buenos Aires - FD Chilena de Patinaje","og_description":"Extendiendo los logros de la pasada temporada, la disciplina protagoniz\u00f3 un destacable rendimiento en la primera Semifinal de la Artistic World Cup realizada en Buenos Aires, realizada entre el 11&hellip;","og_url":"https:\/\/fdpatin.cl\/index.php\/2026\/04\/27\/patinaje-artistico-chileno-se-lucio-en-la-world-cup-de-buenos-aires\/","og_site_name":"FD Chilena de Patinaje","article_published_time":"2026-04-27T21:25:14+00:00","article_modified_time":"2026-04-27T21:26:36+00:00","og_image":[{"width":720,"height":450,"url":"https:\/\/fdpatin.cl\/wp-content\/uploads\/2026\/04\/patin01.png","type":"image\/png"}],"author":"admin","twitter_card":"summary_large_image","twitter_misc":{"Escrito por":"admin","Tiempo de lectura":"4 minutos"},"schema":{"@context":"https:\/\/schema.org","@graph":[{"@type":"Article","@id":"https:\/\/fdpatin.cl\/index.php\/2026\/04\/27\/patinaje-artistico-chileno-se-lucio-en-la-world-cup-de-buenos-aires\/#article","isPartOf":{"@id":"https:\/\/fdpatin.cl\/index.php\/2026\/04\/27\/patinaje-artistico-chileno-se-lucio-en-la-world-cup-de-buenos-aires\/"},"author":{"name":"admin","@id":"https:\/\/fdpatin.cl\/#\/schema\/person\/d6998acd6075ce1c4f791a931dc932c4"},"headline":"Patinaje Art\u00edstico Chileno Se Luci\u00f3 en la World Cup de Buenos Aires","datePublished":"2026-04-27T21:25:14+00:00","dateModified":"2026-04-27T21:26:36+00:00","mainEntityOfPage":{"@id":"https:\/\/fdpatin.cl\/index.php\/2026\/04\/27\/patinaje-artistico-chileno-se-lucio-en-la-world-cup-de-buenos-aires\/"},"wordCount":565,"commentCount":0,"publisher":{"@id":"https:\/\/fdpatin.cl\/#organization"},"image":{"@id":"https:\/\/fdpatin.cl\/index.php\/2026\/04\/27\/patinaje-artistico-chileno-se-lucio-en-la-world-cup-de-buenos-aires\/#primaryimage"},"thumbnailUrl":"https:\/\/fdpatin.cl\/wp-content\/uploads\/2026\/04\/patin01.png","articleSection":["Patinaje Art\u00edstico"],"inLanguage":"es","potentialAction":[{"@type":"CommentAction","name":"Comment","target":["https:\/\/fdpatin.cl\/index.php\/2026\/04\/27\/patinaje-artistico-chileno-se-lucio-en-la-world-cup-de-buenos-aires\/#respond"]}]},{"@type":"WebPage","@id":"https:\/\/fdpatin.cl\/index.php\/2026\/04\/27\/patinaje-artistico-chileno-se-lucio-en-la-world-cup-de-buenos-aires\/","url":"https:\/\/fdpatin.cl\/index.php\/2026\/04\/27\/patinaje-artistico-chileno-se-lucio-en-la-world-cup-de-buenos-aires\/","name":"Patinaje Art\u00edstico Chileno Se Luci\u00f3 en la World Cup de Buenos Aires - FD Chilena de Patinaje","isPartOf":{"@id":"https:\/\/fdpatin.cl\/#website"},"primaryImageOfPage":{"@id":"https:\/\/fdpatin.cl\/index.php\/2026\/04\/27\/patinaje-artistico-chileno-se-lucio-en-la-world-cup-de-buenos-aires\/#primaryimage"},"image":{"@id":"https:\/\/fdpatin.cl\/index.php\/2026\/04\/27\/patinaje-artistico-chileno-se-lucio-en-la-world-cup-de-buenos-aires\/#primaryimage"},"thumbnailUrl":"https:\/\/fdpatin.cl\/wp-content\/uploads\/2026\/04\/patin01.png","datePublished":"2026-04-27T21:25:14+00:00","dateModified":"2026-04-27T21:26:36+00:00","breadcrumb":{"@id":"https:\/\/fdpatin.cl\/index.php\/2026\/04\/27\/patinaje-artistico-chileno-se-lucio-en-la-world-cup-de-buenos-aires\/#breadcrumb"},"inLanguage":"es","potentialAction":[{"@type":"ReadAction","target":["https:\/\/fdpatin.cl\/index.php\/2026\/04\/27\/patinaje-artistico-chileno-se-lucio-en-la-world-cup-de-buenos-aires\/"]}]},{"@type":"ImageObject","inLanguage":"es","@id":"https:\/\/fdpatin.cl\/index.php\/2026\/04\/27\/patinaje-artistico-chileno-se-lucio-en-la-world-cup-de-buenos-aires\/#primaryimage","url":"https:\/\/fdpatin.cl\/wp-content\/uploads\/2026\/04\/patin01.png","contentUrl":"https:\/\/fdpatin.cl\/wp-content\/uploads\/2026\/04\/patin01.png","width":720,"height":450,"caption":"La delegaci\u00f3n nacional en Buenos Aires. Nuevamente, el patinaje art\u00edstico chileno hizo historia en Artistic World Cup."},{"@type":"BreadcrumbList","@id":"https:\/\/fdpatin.cl\/index.php\/2026\/04\/27\/patinaje-artistico-chileno-se-lucio-en-la-world-cup-de-buenos-aires\/#breadcrumb","itemListElement":[{"@type":"ListItem","position":1,"name":"Portada","item":"https:\/\/fdpatin.cl\/"},{"@type":"ListItem","position":2,"name":"Patinaje Art\u00edstico Chileno Se Luci\u00f3 en la World Cup de Buenos Aires"}]},{"@type":"WebSite","@id":"https:\/\/fdpatin.cl\/#website","url":"https:\/\/fdpatin.cl\/","name":"FD Chilena de Patinaje","description":"","publisher":{"@id":"https:\/\/fdpatin.cl\/#organization"},"potentialAction":[{"@type":"SearchAction","target":{"@type":"EntryPoint","urlTemplate":"https:\/\/fdpatin.cl\/?s={search_term_string}"},"query-input":{"@type":"PropertyValueSpecification","valueRequired":true,"valueName":"search_term_string"}}],"inLanguage":"es"},{"@type":"Organization","@id":"https:\/\/fdpatin.cl\/#organization","name":"FD Chilena de Patinaje","url":"https:\/\/fdpatin.cl\/","logo":{"@type":"ImageObject","inLanguage":"es","@id":"https:\/\/fdpatin.cl\/#\/schema\/logo\/image\/","url":"https:\/\/fdpatin.cl\/wp-content\/uploads\/2023\/07\/Logo-fdpatin_new.png","contentUrl":"https:\/\/fdpatin.cl\/wp-content\/uploads\/2023\/07\/Logo-fdpatin_new.png","width":114,"height":90,"caption":"FD Chilena de Patinaje"},"image":{"@id":"https:\/\/fdpatin.cl\/#\/schema\/logo\/image\/"}},{"@type":"Person","@id":"https:\/\/fdpatin.cl\/#\/schema\/person\/d6998acd6075ce1c4f791a931dc932c4","name":"admin","image":{"@type":"ImageObject","inLanguage":"es","@id":"https:\/\/fdpatin.cl\/#\/schema\/person\/image\/","url":"https:\/\/secure.gravatar.com\/avatar\/3cd05e3a1d80656f5e9f6dd0a2ca93e0627323057146c6291766f7b7f8055955?s=96&d=mm&r=g","contentUrl":"https:\/\/secure.gravatar.com\/avatar\/3cd05e3a1d80656f5e9f6dd0a2ca93e0627323057146c6291766f7b7f8055955?s=96&d=mm&r=g","caption":"admin"},"sameAs":["https:\/\/fdpatin.cl"],"url":"https:\/\/fdpatin.cl\/index.php\/author\/adminfdn\/"}]}},"_links":{"self":[{"href":"https:\/\/fdpatin.cl\/index.php\/wp-json\/wp\/v2\/posts\/1135","targetHints":{"allow":["GET"]}}],"collection":[{"href":"https:\/\/fdpatin.cl\/index.php\/wp-json\/wp\/v2\/posts"}],"about":[{"href":"https:\/\/fdpatin.cl\/index.php\/wp-json\/wp\/v2\/types\/post"}],"author":[{"embeddable":true,"href":"https:\/\/fdpatin.cl\/index.php\/wp-json\/wp\/v2\/users\/1"}],"replies":[{"embeddable":true,"href":"https:\/\/fdpatin.cl\/index.php\/wp-json\/wp\/v2\/comments?post=1135"}],"version-history":[{"count":2,"href":"https:\/\/fdpatin.cl\/index.php\/wp-json\/wp\/v2\/posts\/1135\/revisions"}],"predecessor-version":[{"id":1140,"href":"https:\/\/fdpatin.cl\/index.php\/wp-json\/wp\/v2\/posts\/1135\/revisions\/1140"}],"wp:featuredmedia":[{"embeddable":true,"href":"https:\/\/fdpatin.cl\/index.php\/wp-json\/wp\/v2\/media\/1136"}],"wp:attachment":[{"href":"https:\/\/fdpatin.cl\/index.php\/wp-json\/wp\/v2\/media?parent=1135"}],"wp:term":[{"taxonomy":"category","embeddable":true,"href":"https:\/\/fdpatin.cl\/index.php\/wp-json\/wp\/v2\/categories?post=1135"},{"taxonomy":"post_tag","embeddable":true,"href":"https:\/\/fdpatin.cl\/index.php\/wp-json\/wp\/v2\/tags?post=1135"}],"curies":[{"name":"wp","href":"https:\/\/api.w.org\/{rel}","templated":true}]}}