{"id":1088,"date":"2026-03-10T19:36:13","date_gmt":"2026-03-10T19:36:13","guid":{"rendered":"https:\/\/fdpatin.cl\/?p=1088"},"modified":"2026-03-10T19:54:15","modified_gmt":"2026-03-10T19:54:15","slug":"el-inline-tuvo-su-primera-fecha-nacional","status":"publish","type":"post","link":"https:\/\/fdpatin.cl\/index.php\/2026\/03\/10\/el-inline-tuvo-su-primera-fecha-nacional\/","title":{"rendered":"El Inline Tuvo su Primera Fecha Nacional"},"content":{"rendered":"<p><img fetchpriority=\"high\" decoding=\"async\" class=\"aligncenter wp-image-1089 size-full\" src=\"https:\/\/fdpatin.cl\/wp-content\/uploads\/2026\/03\/004.jpg\" alt=\"\" width=\"720\" height=\"450\" srcset=\"https:\/\/fdpatin.cl\/wp-content\/uploads\/2026\/03\/004.jpg 720w, https:\/\/fdpatin.cl\/wp-content\/uploads\/2026\/03\/004-300x188.jpg 300w\" sizes=\"(max-width: 720px) 100vw, 720px\" \/><\/p>\n<p>Confirmando su crecimiento como disciplina del patinaje, el Inline Freestyle tuvo el pasado fin de semana la realizaci\u00f3n de la primera fecha del Campeonato Nacional en sus diversas modalidades en la pista Las Marcianitas del Parque Estadio Nacional.<\/p>\n<p>A la cita acudieron m\u00e1s de cien deportistas, representantes de diversos clubes de todo el pa\u00eds quienes compitieron en Classic, Pair Slalom y Free Jump el viernes; Speed Slalom y Slide, el s\u00e1bado; m\u00e1s Battle Slalom, el domingo.<\/p>\n<p>La organizaci\u00f3n de este evento estuvo a cargo de la Liga Nacional de Patinaje Inline Freestyle Chile, liderada por Francia Valenzuela m\u00e1s la colaboraci\u00f3n del club Uni\u00f3n Slalom de Santiago.<\/p>\n<p>La pr\u00f3xima fecha clasificatoria rumbo a los WSG de Paraguay se realizar\u00e1 entre el 15 y 17 de mayo en Talca.<\/p>\n<p><strong>Acuerdo<\/strong>. En la oportunidad, la dirigencia del Inline firm\u00f3 un acuerdo con el Instituto AIEP que se har\u00e1 presente en las competencias de la disciplina con un stand m\u00e9dico.<\/p>\n<p><strong>Logros<\/strong>. Vale recordar que el Inline Freestyle ha tenido un crecimiento constante desde hace un par de a\u00f1os a la fecha. Eso se ha reflejado en positivas presentaciones internacionales como lo hecho por Herbert Espinoza que en los World Skate Games de Argentina 2022 alcanz\u00f3 el segundo lugar en Slide Senior.<\/p>\n<p>Tambi\u00e9n, Nicol\u00e1s Sarabia en octubre de 2024 cuando alcanz\u00f3 el tercer puesto en los World Games Hong Kong Series 2024.<\/p>\n<p>O lo anotado el a\u00f1o pasado, con la concreci\u00f3n de la International Cup, que cont\u00f3 con el apoyo de World Skate y entreg\u00f3 200 puntos para el ranking internacional.<\/p>\n<p>&nbsp;<\/p>\n","protected":false},"excerpt":{"rendered":"<p>Confirmando su crecimiento como disciplina del patinaje, el Inline Freestyle tuvo el pasado fin de semana la realizaci\u00f3n de la primera fecha del Campeonato Nacional en sus diversas modalidades en&hellip; <\/p>\n","protected":false},"author":1,"featured_media":1089,"comment_status":"open","ping_status":"open","sticky":false,"template":"","format":"standard","meta":{"footnotes":""},"categories":[125],"tags":[],"class_list":["post-1088","post","type-post","status-publish","format-standard","has-post-thumbnail","hentry","category-inline-freestyle"],"yoast_head":"<!-- This site is optimized with the Yoast SEO plugin v25.0 - https:\/\/yoast.com\/wordpress\/plugins\/seo\/ -->\n<title>El Inline Tuvo su Primera Fecha Nacional - FD Chilena de Patinaje<\/title>\n<meta name=\"robots\" content=\"index, follow, max-snippet:-1, max-image-preview:large, max-video-preview:-1\" \/>\n<link rel=\"canonical\" href=\"https:\/\/fdpatin.cl\/index.php\/2026\/03\/10\/el-inline-tuvo-su-primera-fecha-nacional\/\" \/>\n<meta property=\"og:locale\" content=\"es_ES\" \/>\n<meta property=\"og:type\" content=\"article\" \/>\n<meta property=\"og:title\" content=\"El Inline Tuvo su Primera Fecha Nacional - FD Chilena de Patinaje\" \/>\n<meta property=\"og:description\" content=\"Confirmando su crecimiento como disciplina del patinaje, el Inline Freestyle tuvo el pasado fin de semana la realizaci\u00f3n de la primera fecha del Campeonato Nacional en sus diversas modalidades en&hellip;\" \/>\n<meta property=\"og:url\" content=\"https:\/\/fdpatin.cl\/index.php\/2026\/03\/10\/el-inline-tuvo-su-primera-fecha-nacional\/\" \/>\n<meta property=\"og:site_name\" content=\"FD Chilena de Patinaje\" \/>\n<meta property=\"article:published_time\" content=\"2026-03-10T19:36:13+00:00\" \/>\n<meta property=\"article:modified_time\" content=\"2026-03-10T19:54:15+00:00\" \/>\n<meta property=\"og:image\" content=\"https:\/\/fdpatin.cl\/wp-content\/uploads\/2026\/03\/004.jpg\" \/>\n\t<meta property=\"og:image:width\" content=\"720\" \/>\n\t<meta property=\"og:image:height\" content=\"450\" \/>\n\t<meta property=\"og:image:type\" content=\"image\/jpeg\" \/>\n<meta name=\"author\" content=\"admin\" \/>\n<meta name=\"twitter:card\" content=\"summary_large_image\" \/>\n<meta name=\"twitter:label1\" content=\"Escrito por\" \/>\n\t<meta name=\"twitter:data1\" content=\"admin\" \/>\n\t<meta name=\"twitter:label2\" content=\"Tiempo de lectura\" \/>\n\t<meta name=\"twitter:data2\" content=\"2 minutos\" \/>\n<script type=\"application\/ld+json\" class=\"yoast-schema-graph\">{\"@context\":\"https:\/\/schema.org\",\"@graph\":[{\"@type\":\"Article\",\"@id\":\"https:\/\/fdpatin.cl\/index.php\/2026\/03\/10\/el-inline-tuvo-su-primera-fecha-nacional\/#article\",\"isPartOf\":{\"@id\":\"https:\/\/fdpatin.cl\/index.php\/2026\/03\/10\/el-inline-tuvo-su-primera-fecha-nacional\/\"},\"author\":{\"name\":\"admin\",\"@id\":\"https:\/\/fdpatin.cl\/#\/schema\/person\/d6998acd6075ce1c4f791a931dc932c4\"},\"headline\":\"El Inline Tuvo su Primera Fecha Nacional\",\"datePublished\":\"2026-03-10T19:36:13+00:00\",\"dateModified\":\"2026-03-10T19:54:15+00:00\",\"mainEntityOfPage\":{\"@id\":\"https:\/\/fdpatin.cl\/index.php\/2026\/03\/10\/el-inline-tuvo-su-primera-fecha-nacional\/\"},\"wordCount\":274,\"commentCount\":0,\"publisher\":{\"@id\":\"https:\/\/fdpatin.cl\/#organization\"},\"image\":{\"@id\":\"https:\/\/fdpatin.cl\/index.php\/2026\/03\/10\/el-inline-tuvo-su-primera-fecha-nacional\/#primaryimage\"},\"thumbnailUrl\":\"https:\/\/fdpatin.cl\/wp-content\/uploads\/2026\/03\/004.jpg\",\"articleSection\":[\"Inline Freestyle\"],\"inLanguage\":\"es\",\"potentialAction\":[{\"@type\":\"CommentAction\",\"name\":\"Comment\",\"target\":[\"https:\/\/fdpatin.cl\/index.php\/2026\/03\/10\/el-inline-tuvo-su-primera-fecha-nacional\/#respond\"]}]},{\"@type\":\"WebPage\",\"@id\":\"https:\/\/fdpatin.cl\/index.php\/2026\/03\/10\/el-inline-tuvo-su-primera-fecha-nacional\/\",\"url\":\"https:\/\/fdpatin.cl\/index.php\/2026\/03\/10\/el-inline-tuvo-su-primera-fecha-nacional\/\",\"name\":\"El Inline Tuvo su Primera Fecha Nacional - FD Chilena de Patinaje\",\"isPartOf\":{\"@id\":\"https:\/\/fdpatin.cl\/#website\"},\"primaryImageOfPage\":{\"@id\":\"https:\/\/fdpatin.cl\/index.php\/2026\/03\/10\/el-inline-tuvo-su-primera-fecha-nacional\/#primaryimage\"},\"image\":{\"@id\":\"https:\/\/fdpatin.cl\/index.php\/2026\/03\/10\/el-inline-tuvo-su-primera-fecha-nacional\/#primaryimage\"},\"thumbnailUrl\":\"https:\/\/fdpatin.cl\/wp-content\/uploads\/2026\/03\/004.jpg\",\"datePublished\":\"2026-03-10T19:36:13+00:00\",\"dateModified\":\"2026-03-10T19:54:15+00:00\",\"breadcrumb\":{\"@id\":\"https:\/\/fdpatin.cl\/index.php\/2026\/03\/10\/el-inline-tuvo-su-primera-fecha-nacional\/#breadcrumb\"},\"inLanguage\":\"es\",\"potentialAction\":[{\"@type\":\"ReadAction\",\"target\":[\"https:\/\/fdpatin.cl\/index.php\/2026\/03\/10\/el-inline-tuvo-su-primera-fecha-nacional\/\"]}]},{\"@type\":\"ImageObject\",\"inLanguage\":\"es\",\"@id\":\"https:\/\/fdpatin.cl\/index.php\/2026\/03\/10\/el-inline-tuvo-su-primera-fecha-nacional\/#primaryimage\",\"url\":\"https:\/\/fdpatin.cl\/wp-content\/uploads\/2026\/03\/004.jpg\",\"contentUrl\":\"https:\/\/fdpatin.cl\/wp-content\/uploads\/2026\/03\/004.jpg\",\"width\":720,\"height\":450},{\"@type\":\"BreadcrumbList\",\"@id\":\"https:\/\/fdpatin.cl\/index.php\/2026\/03\/10\/el-inline-tuvo-su-primera-fecha-nacional\/#breadcrumb\",\"itemListElement\":[{\"@type\":\"ListItem\",\"position\":1,\"name\":\"Portada\",\"item\":\"https:\/\/fdpatin.cl\/\"},{\"@type\":\"ListItem\",\"position\":2,\"name\":\"El Inline Tuvo su Primera Fecha Nacional\"}]},{\"@type\":\"WebSite\",\"@id\":\"https:\/\/fdpatin.cl\/#website\",\"url\":\"https:\/\/fdpatin.cl\/\",\"name\":\"FD Chilena de Patinaje\",\"description\":\"\",\"publisher\":{\"@id\":\"https:\/\/fdpatin.cl\/#organization\"},\"potentialAction\":[{\"@type\":\"SearchAction\",\"target\":{\"@type\":\"EntryPoint\",\"urlTemplate\":\"https:\/\/fdpatin.cl\/?s={search_term_string}\"},\"query-input\":{\"@type\":\"PropertyValueSpecification\",\"valueRequired\":true,\"valueName\":\"search_term_string\"}}],\"inLanguage\":\"es\"},{\"@type\":\"Organization\",\"@id\":\"https:\/\/fdpatin.cl\/#organization\",\"name\":\"FD Chilena de Patinaje\",\"url\":\"https:\/\/fdpatin.cl\/\",\"logo\":{\"@type\":\"ImageObject\",\"inLanguage\":\"es\",\"@id\":\"https:\/\/fdpatin.cl\/#\/schema\/logo\/image\/\",\"url\":\"https:\/\/fdpatin.cl\/wp-content\/uploads\/2023\/07\/Logo-fdpatin_new.png\",\"contentUrl\":\"https:\/\/fdpatin.cl\/wp-content\/uploads\/2023\/07\/Logo-fdpatin_new.png\",\"width\":114,\"height\":90,\"caption\":\"FD Chilena de Patinaje\"},\"image\":{\"@id\":\"https:\/\/fdpatin.cl\/#\/schema\/logo\/image\/\"}},{\"@type\":\"Person\",\"@id\":\"https:\/\/fdpatin.cl\/#\/schema\/person\/d6998acd6075ce1c4f791a931dc932c4\",\"name\":\"admin\",\"image\":{\"@type\":\"ImageObject\",\"inLanguage\":\"es\",\"@id\":\"https:\/\/fdpatin.cl\/#\/schema\/person\/image\/\",\"url\":\"https:\/\/secure.gravatar.com\/avatar\/3cd05e3a1d80656f5e9f6dd0a2ca93e0627323057146c6291766f7b7f8055955?s=96&d=mm&r=g\",\"contentUrl\":\"https:\/\/secure.gravatar.com\/avatar\/3cd05e3a1d80656f5e9f6dd0a2ca93e0627323057146c6291766f7b7f8055955?s=96&d=mm&r=g\",\"caption\":\"admin\"},\"sameAs\":[\"https:\/\/fdpatin.cl\"],\"url\":\"https:\/\/fdpatin.cl\/index.php\/author\/adminfdn\/\"}]}<\/script>\n<!-- \/ Yoast SEO plugin. -->","yoast_head_json":{"title":"El Inline Tuvo su Primera Fecha Nacional - FD Chilena de Patinaje","robots":{"index":"index","follow":"follow","max-snippet":"max-snippet:-1","max-image-preview":"max-image-preview:large","max-video-preview":"max-video-preview:-1"},"canonical":"https:\/\/fdpatin.cl\/index.php\/2026\/03\/10\/el-inline-tuvo-su-primera-fecha-nacional\/","og_locale":"es_ES","og_type":"article","og_title":"El Inline Tuvo su Primera Fecha Nacional - FD Chilena de Patinaje","og_description":"Confirmando su crecimiento como disciplina del patinaje, el Inline Freestyle tuvo el pasado fin de semana la realizaci\u00f3n de la primera fecha del Campeonato Nacional en sus diversas modalidades en&hellip;","og_url":"https:\/\/fdpatin.cl\/index.php\/2026\/03\/10\/el-inline-tuvo-su-primera-fecha-nacional\/","og_site_name":"FD Chilena de Patinaje","article_published_time":"2026-03-10T19:36:13+00:00","article_modified_time":"2026-03-10T19:54:15+00:00","og_image":[{"width":720,"height":450,"url":"https:\/\/fdpatin.cl\/wp-content\/uploads\/2026\/03\/004.jpg","type":"image\/jpeg"}],"author":"admin","twitter_card":"summary_large_image","twitter_misc":{"Escrito por":"admin","Tiempo de lectura":"2 minutos"},"schema":{"@context":"https:\/\/schema.org","@graph":[{"@type":"Article","@id":"https:\/\/fdpatin.cl\/index.php\/2026\/03\/10\/el-inline-tuvo-su-primera-fecha-nacional\/#article","isPartOf":{"@id":"https:\/\/fdpatin.cl\/index.php\/2026\/03\/10\/el-inline-tuvo-su-primera-fecha-nacional\/"},"author":{"name":"admin","@id":"https:\/\/fdpatin.cl\/#\/schema\/person\/d6998acd6075ce1c4f791a931dc932c4"},"headline":"El Inline Tuvo su Primera Fecha Nacional","datePublished":"2026-03-10T19:36:13+00:00","dateModified":"2026-03-10T19:54:15+00:00","mainEntityOfPage":{"@id":"https:\/\/fdpatin.cl\/index.php\/2026\/03\/10\/el-inline-tuvo-su-primera-fecha-nacional\/"},"wordCount":274,"commentCount":0,"publisher":{"@id":"https:\/\/fdpatin.cl\/#organization"},"image":{"@id":"https:\/\/fdpatin.cl\/index.php\/2026\/03\/10\/el-inline-tuvo-su-primera-fecha-nacional\/#primaryimage"},"thumbnailUrl":"https:\/\/fdpatin.cl\/wp-content\/uploads\/2026\/03\/004.jpg","articleSection":["Inline Freestyle"],"inLanguage":"es","potentialAction":[{"@type":"CommentAction","name":"Comment","target":["https:\/\/fdpatin.cl\/index.php\/2026\/03\/10\/el-inline-tuvo-su-primera-fecha-nacional\/#respond"]}]},{"@type":"WebPage","@id":"https:\/\/fdpatin.cl\/index.php\/2026\/03\/10\/el-inline-tuvo-su-primera-fecha-nacional\/","url":"https:\/\/fdpatin.cl\/index.php\/2026\/03\/10\/el-inline-tuvo-su-primera-fecha-nacional\/","name":"El Inline Tuvo su Primera Fecha Nacional - FD Chilena de Patinaje","isPartOf":{"@id":"https:\/\/fdpatin.cl\/#website"},"primaryImageOfPage":{"@id":"https:\/\/fdpatin.cl\/index.php\/2026\/03\/10\/el-inline-tuvo-su-primera-fecha-nacional\/#primaryimage"},"image":{"@id":"https:\/\/fdpatin.cl\/index.php\/2026\/03\/10\/el-inline-tuvo-su-primera-fecha-nacional\/#primaryimage"},"thumbnailUrl":"https:\/\/fdpatin.cl\/wp-content\/uploads\/2026\/03\/004.jpg","datePublished":"2026-03-10T19:36:13+00:00","dateModified":"2026-03-10T19:54:15+00:00","breadcrumb":{"@id":"https:\/\/fdpatin.cl\/index.php\/2026\/03\/10\/el-inline-tuvo-su-primera-fecha-nacional\/#breadcrumb"},"inLanguage":"es","potentialAction":[{"@type":"ReadAction","target":["https:\/\/fdpatin.cl\/index.php\/2026\/03\/10\/el-inline-tuvo-su-primera-fecha-nacional\/"]}]},{"@type":"ImageObject","inLanguage":"es","@id":"https:\/\/fdpatin.cl\/index.php\/2026\/03\/10\/el-inline-tuvo-su-primera-fecha-nacional\/#primaryimage","url":"https:\/\/fdpatin.cl\/wp-content\/uploads\/2026\/03\/004.jpg","contentUrl":"https:\/\/fdpatin.cl\/wp-content\/uploads\/2026\/03\/004.jpg","width":720,"height":450},{"@type":"BreadcrumbList","@id":"https:\/\/fdpatin.cl\/index.php\/2026\/03\/10\/el-inline-tuvo-su-primera-fecha-nacional\/#breadcrumb","itemListElement":[{"@type":"ListItem","position":1,"name":"Portada","item":"https:\/\/fdpatin.cl\/"},{"@type":"ListItem","position":2,"name":"El Inline Tuvo su Primera Fecha Nacional"}]},{"@type":"WebSite","@id":"https:\/\/fdpatin.cl\/#website","url":"https:\/\/fdpatin.cl\/","name":"FD Chilena de Patinaje","description":"","publisher":{"@id":"https:\/\/fdpatin.cl\/#organization"},"potentialAction":[{"@type":"SearchAction","target":{"@type":"EntryPoint","urlTemplate":"https:\/\/fdpatin.cl\/?s={search_term_string}"},"query-input":{"@type":"PropertyValueSpecification","valueRequired":true,"valueName":"search_term_string"}}],"inLanguage":"es"},{"@type":"Organization","@id":"https:\/\/fdpatin.cl\/#organization","name":"FD Chilena de Patinaje","url":"https:\/\/fdpatin.cl\/","logo":{"@type":"ImageObject","inLanguage":"es","@id":"https:\/\/fdpatin.cl\/#\/schema\/logo\/image\/","url":"https:\/\/fdpatin.cl\/wp-content\/uploads\/2023\/07\/Logo-fdpatin_new.png","contentUrl":"https:\/\/fdpatin.cl\/wp-content\/uploads\/2023\/07\/Logo-fdpatin_new.png","width":114,"height":90,"caption":"FD Chilena de Patinaje"},"image":{"@id":"https:\/\/fdpatin.cl\/#\/schema\/logo\/image\/"}},{"@type":"Person","@id":"https:\/\/fdpatin.cl\/#\/schema\/person\/d6998acd6075ce1c4f791a931dc932c4","name":"admin","image":{"@type":"ImageObject","inLanguage":"es","@id":"https:\/\/fdpatin.cl\/#\/schema\/person\/image\/","url":"https:\/\/secure.gravatar.com\/avatar\/3cd05e3a1d80656f5e9f6dd0a2ca93e0627323057146c6291766f7b7f8055955?s=96&d=mm&r=g","contentUrl":"https:\/\/secure.gravatar.com\/avatar\/3cd05e3a1d80656f5e9f6dd0a2ca93e0627323057146c6291766f7b7f8055955?s=96&d=mm&r=g","caption":"admin"},"sameAs":["https:\/\/fdpatin.cl"],"url":"https:\/\/fdpatin.cl\/index.php\/author\/adminfdn\/"}]}},"_links":{"self":[{"href":"https:\/\/fdpatin.cl\/index.php\/wp-json\/wp\/v2\/posts\/1088","targetHints":{"allow":["GET"]}}],"collection":[{"href":"https:\/\/fdpatin.cl\/index.php\/wp-json\/wp\/v2\/posts"}],"about":[{"href":"https:\/\/fdpatin.cl\/index.php\/wp-json\/wp\/v2\/types\/post"}],"author":[{"embeddable":true,"href":"https:\/\/fdpatin.cl\/index.php\/wp-json\/wp\/v2\/users\/1"}],"replies":[{"embeddable":true,"href":"https:\/\/fdpatin.cl\/index.php\/wp-json\/wp\/v2\/comments?post=1088"}],"version-history":[{"count":3,"href":"https:\/\/fdpatin.cl\/index.php\/wp-json\/wp\/v2\/posts\/1088\/revisions"}],"predecessor-version":[{"id":1092,"href":"https:\/\/fdpatin.cl\/index.php\/wp-json\/wp\/v2\/posts\/1088\/revisions\/1092"}],"wp:featuredmedia":[{"embeddable":true,"href":"https:\/\/fdpatin.cl\/index.php\/wp-json\/wp\/v2\/media\/1089"}],"wp:attachment":[{"href":"https:\/\/fdpatin.cl\/index.php\/wp-json\/wp\/v2\/media?parent=1088"}],"wp:term":[{"taxonomy":"category","embeddable":true,"href":"https:\/\/fdpatin.cl\/index.php\/wp-json\/wp\/v2\/categories?post=1088"},{"taxonomy":"post_tag","embeddable":true,"href":"https:\/\/fdpatin.cl\/index.php\/wp-json\/wp\/v2\/tags?post=1088"}],"curies":[{"name":"wp","href":"https:\/\/api.w.org\/{rel}","templated":true}]}}