{"id":1013,"date":"2026-01-22T20:00:20","date_gmt":"2026-01-22T20:00:20","guid":{"rendered":"https:\/\/fdpatin.cl\/?p=1013"},"modified":"2026-01-22T20:00:20","modified_gmt":"2026-01-22T20:00:20","slug":"el-hockey-se-une-por-el-sur","status":"publish","type":"post","link":"https:\/\/fdpatin.cl\/index.php\/2026\/01\/22\/el-hockey-se-une-por-el-sur\/","title":{"rendered":"El Hockey Se Une Por El Sur"},"content":{"rendered":"<p><img fetchpriority=\"high\" decoding=\"async\" class=\"aligncenter wp-image-1014 size-full\" src=\"https:\/\/fdpatin.cl\/wp-content\/uploads\/2026\/01\/solidaridad.png\" alt=\"\" width=\"720\" height=\"450\" srcset=\"https:\/\/fdpatin.cl\/wp-content\/uploads\/2026\/01\/solidaridad.png 720w, https:\/\/fdpatin.cl\/wp-content\/uploads\/2026\/01\/solidaridad-300x188.png 300w\" sizes=\"(max-width: 720px) 100vw, 720px\" \/><\/p>\n<p>Nuevamente, los clubes integrantes de la Liga Central de Hockey se unen para ir en ayuda de los damnificados que han dejado los incendios en las Regiones del \u00d1uble y del B\u00edo Bio.<\/p>\n<p>Para ello, este s\u00e1bado 24 de enero la sede del club Marruecos, en Padre Hurtado, ser\u00e1 la sede del acopio de todos los que colaboren. El objetivo es llenar, por lo menos, un cami\u00f3n para llevar toda esa ayuda hacia el sur.<\/p>\n<p>Dicha ayuda apela, de manera fundamental a la recolecci\u00f3n de alimentos no perecibles, alimentos para mascotas, ropa interior, mascarillas, agua y materiales de construcci\u00f3n.<\/p>\n<p>Esta campa\u00f1a se extender\u00e1 entre las 10 de la ma\u00f1ana y las 23 horas, bajo el lema \u201ctodos juntos bajo la misma causa\u201d.<\/p>\n","protected":false},"excerpt":{"rendered":"<p>Nuevamente, los clubes integrantes de la Liga Central de Hockey se unen para ir en ayuda de los damnificados que han dejado los incendios en las Regiones del \u00d1uble y&hellip; <\/p>\n","protected":false},"author":1,"featured_media":1014,"comment_status":"open","ping_status":"open","sticky":false,"template":"","format":"standard","meta":{"footnotes":""},"categories":[16],"tags":[],"class_list":["post-1013","post","type-post","status-publish","format-standard","has-post-thumbnail","hentry","category-institucional"],"yoast_head":"<!-- This site is optimized with the Yoast SEO plugin v25.0 - https:\/\/yoast.com\/wordpress\/plugins\/seo\/ -->\n<title>El Hockey Se Une Por El Sur - FD Chilena de Patinaje<\/title>\n<meta name=\"robots\" content=\"index, follow, max-snippet:-1, max-image-preview:large, max-video-preview:-1\" \/>\n<link rel=\"canonical\" href=\"https:\/\/fdpatin.cl\/index.php\/2026\/01\/22\/el-hockey-se-une-por-el-sur\/\" \/>\n<meta property=\"og:locale\" content=\"es_ES\" \/>\n<meta property=\"og:type\" content=\"article\" \/>\n<meta property=\"og:title\" content=\"El Hockey Se Une Por El Sur - FD Chilena de Patinaje\" \/>\n<meta property=\"og:description\" content=\"Nuevamente, los clubes integrantes de la Liga Central de Hockey se unen para ir en ayuda de los damnificados que han dejado los incendios en las Regiones del \u00d1uble y&hellip;\" \/>\n<meta property=\"og:url\" content=\"https:\/\/fdpatin.cl\/index.php\/2026\/01\/22\/el-hockey-se-une-por-el-sur\/\" \/>\n<meta property=\"og:site_name\" content=\"FD Chilena de Patinaje\" \/>\n<meta property=\"article:published_time\" content=\"2026-01-22T20:00:20+00:00\" \/>\n<meta property=\"og:image\" content=\"https:\/\/fdpatin.cl\/wp-content\/uploads\/2026\/01\/solidaridad.png\" \/>\n\t<meta property=\"og:image:width\" content=\"720\" \/>\n\t<meta property=\"og:image:height\" content=\"450\" \/>\n\t<meta property=\"og:image:type\" content=\"image\/png\" \/>\n<meta name=\"author\" content=\"admin\" \/>\n<meta name=\"twitter:card\" content=\"summary_large_image\" \/>\n<meta name=\"twitter:label1\" content=\"Escrito por\" \/>\n\t<meta name=\"twitter:data1\" content=\"admin\" \/>\n\t<meta name=\"twitter:label2\" content=\"Tiempo de lectura\" \/>\n\t<meta name=\"twitter:data2\" content=\"1 minuto\" \/>\n<script type=\"application\/ld+json\" class=\"yoast-schema-graph\">{\"@context\":\"https:\/\/schema.org\",\"@graph\":[{\"@type\":\"Article\",\"@id\":\"https:\/\/fdpatin.cl\/index.php\/2026\/01\/22\/el-hockey-se-une-por-el-sur\/#article\",\"isPartOf\":{\"@id\":\"https:\/\/fdpatin.cl\/index.php\/2026\/01\/22\/el-hockey-se-une-por-el-sur\/\"},\"author\":{\"name\":\"admin\",\"@id\":\"https:\/\/fdpatin.cl\/#\/schema\/person\/d6998acd6075ce1c4f791a931dc932c4\"},\"headline\":\"El Hockey Se Une Por El Sur\",\"datePublished\":\"2026-01-22T20:00:20+00:00\",\"mainEntityOfPage\":{\"@id\":\"https:\/\/fdpatin.cl\/index.php\/2026\/01\/22\/el-hockey-se-une-por-el-sur\/\"},\"wordCount\":133,\"commentCount\":0,\"publisher\":{\"@id\":\"https:\/\/fdpatin.cl\/#organization\"},\"image\":{\"@id\":\"https:\/\/fdpatin.cl\/index.php\/2026\/01\/22\/el-hockey-se-une-por-el-sur\/#primaryimage\"},\"thumbnailUrl\":\"https:\/\/fdpatin.cl\/wp-content\/uploads\/2026\/01\/solidaridad.png\",\"articleSection\":[\"Institucional\"],\"inLanguage\":\"es\",\"potentialAction\":[{\"@type\":\"CommentAction\",\"name\":\"Comment\",\"target\":[\"https:\/\/fdpatin.cl\/index.php\/2026\/01\/22\/el-hockey-se-une-por-el-sur\/#respond\"]}]},{\"@type\":\"WebPage\",\"@id\":\"https:\/\/fdpatin.cl\/index.php\/2026\/01\/22\/el-hockey-se-une-por-el-sur\/\",\"url\":\"https:\/\/fdpatin.cl\/index.php\/2026\/01\/22\/el-hockey-se-une-por-el-sur\/\",\"name\":\"El Hockey Se Une Por El Sur - FD Chilena de Patinaje\",\"isPartOf\":{\"@id\":\"https:\/\/fdpatin.cl\/#website\"},\"primaryImageOfPage\":{\"@id\":\"https:\/\/fdpatin.cl\/index.php\/2026\/01\/22\/el-hockey-se-une-por-el-sur\/#primaryimage\"},\"image\":{\"@id\":\"https:\/\/fdpatin.cl\/index.php\/2026\/01\/22\/el-hockey-se-une-por-el-sur\/#primaryimage\"},\"thumbnailUrl\":\"https:\/\/fdpatin.cl\/wp-content\/uploads\/2026\/01\/solidaridad.png\",\"datePublished\":\"2026-01-22T20:00:20+00:00\",\"breadcrumb\":{\"@id\":\"https:\/\/fdpatin.cl\/index.php\/2026\/01\/22\/el-hockey-se-une-por-el-sur\/#breadcrumb\"},\"inLanguage\":\"es\",\"potentialAction\":[{\"@type\":\"ReadAction\",\"target\":[\"https:\/\/fdpatin.cl\/index.php\/2026\/01\/22\/el-hockey-se-une-por-el-sur\/\"]}]},{\"@type\":\"ImageObject\",\"inLanguage\":\"es\",\"@id\":\"https:\/\/fdpatin.cl\/index.php\/2026\/01\/22\/el-hockey-se-une-por-el-sur\/#primaryimage\",\"url\":\"https:\/\/fdpatin.cl\/wp-content\/uploads\/2026\/01\/solidaridad.png\",\"contentUrl\":\"https:\/\/fdpatin.cl\/wp-content\/uploads\/2026\/01\/solidaridad.png\",\"width\":720,\"height\":450},{\"@type\":\"BreadcrumbList\",\"@id\":\"https:\/\/fdpatin.cl\/index.php\/2026\/01\/22\/el-hockey-se-une-por-el-sur\/#breadcrumb\",\"itemListElement\":[{\"@type\":\"ListItem\",\"position\":1,\"name\":\"Portada\",\"item\":\"https:\/\/fdpatin.cl\/\"},{\"@type\":\"ListItem\",\"position\":2,\"name\":\"El Hockey Se Une Por El Sur\"}]},{\"@type\":\"WebSite\",\"@id\":\"https:\/\/fdpatin.cl\/#website\",\"url\":\"https:\/\/fdpatin.cl\/\",\"name\":\"FD Chilena de Patinaje\",\"description\":\"\",\"publisher\":{\"@id\":\"https:\/\/fdpatin.cl\/#organization\"},\"potentialAction\":[{\"@type\":\"SearchAction\",\"target\":{\"@type\":\"EntryPoint\",\"urlTemplate\":\"https:\/\/fdpatin.cl\/?s={search_term_string}\"},\"query-input\":{\"@type\":\"PropertyValueSpecification\",\"valueRequired\":true,\"valueName\":\"search_term_string\"}}],\"inLanguage\":\"es\"},{\"@type\":\"Organization\",\"@id\":\"https:\/\/fdpatin.cl\/#organization\",\"name\":\"FD Chilena de Patinaje\",\"url\":\"https:\/\/fdpatin.cl\/\",\"logo\":{\"@type\":\"ImageObject\",\"inLanguage\":\"es\",\"@id\":\"https:\/\/fdpatin.cl\/#\/schema\/logo\/image\/\",\"url\":\"https:\/\/fdpatin.cl\/wp-content\/uploads\/2023\/07\/Logo-fdpatin_new.png\",\"contentUrl\":\"https:\/\/fdpatin.cl\/wp-content\/uploads\/2023\/07\/Logo-fdpatin_new.png\",\"width\":114,\"height\":90,\"caption\":\"FD Chilena de Patinaje\"},\"image\":{\"@id\":\"https:\/\/fdpatin.cl\/#\/schema\/logo\/image\/\"}},{\"@type\":\"Person\",\"@id\":\"https:\/\/fdpatin.cl\/#\/schema\/person\/d6998acd6075ce1c4f791a931dc932c4\",\"name\":\"admin\",\"image\":{\"@type\":\"ImageObject\",\"inLanguage\":\"es\",\"@id\":\"https:\/\/fdpatin.cl\/#\/schema\/person\/image\/\",\"url\":\"https:\/\/secure.gravatar.com\/avatar\/3cd05e3a1d80656f5e9f6dd0a2ca93e0627323057146c6291766f7b7f8055955?s=96&d=mm&r=g\",\"contentUrl\":\"https:\/\/secure.gravatar.com\/avatar\/3cd05e3a1d80656f5e9f6dd0a2ca93e0627323057146c6291766f7b7f8055955?s=96&d=mm&r=g\",\"caption\":\"admin\"},\"sameAs\":[\"https:\/\/fdpatin.cl\"],\"url\":\"https:\/\/fdpatin.cl\/index.php\/author\/adminfdn\/\"}]}<\/script>\n<!-- \/ Yoast SEO plugin. -->","yoast_head_json":{"title":"El Hockey Se Une Por El Sur - FD Chilena de Patinaje","robots":{"index":"index","follow":"follow","max-snippet":"max-snippet:-1","max-image-preview":"max-image-preview:large","max-video-preview":"max-video-preview:-1"},"canonical":"https:\/\/fdpatin.cl\/index.php\/2026\/01\/22\/el-hockey-se-une-por-el-sur\/","og_locale":"es_ES","og_type":"article","og_title":"El Hockey Se Une Por El Sur - FD Chilena de Patinaje","og_description":"Nuevamente, los clubes integrantes de la Liga Central de Hockey se unen para ir en ayuda de los damnificados que han dejado los incendios en las Regiones del \u00d1uble y&hellip;","og_url":"https:\/\/fdpatin.cl\/index.php\/2026\/01\/22\/el-hockey-se-une-por-el-sur\/","og_site_name":"FD Chilena de Patinaje","article_published_time":"2026-01-22T20:00:20+00:00","og_image":[{"width":720,"height":450,"url":"https:\/\/fdpatin.cl\/wp-content\/uploads\/2026\/01\/solidaridad.png","type":"image\/png"}],"author":"admin","twitter_card":"summary_large_image","twitter_misc":{"Escrito por":"admin","Tiempo de lectura":"1 minuto"},"schema":{"@context":"https:\/\/schema.org","@graph":[{"@type":"Article","@id":"https:\/\/fdpatin.cl\/index.php\/2026\/01\/22\/el-hockey-se-une-por-el-sur\/#article","isPartOf":{"@id":"https:\/\/fdpatin.cl\/index.php\/2026\/01\/22\/el-hockey-se-une-por-el-sur\/"},"author":{"name":"admin","@id":"https:\/\/fdpatin.cl\/#\/schema\/person\/d6998acd6075ce1c4f791a931dc932c4"},"headline":"El Hockey Se Une Por El Sur","datePublished":"2026-01-22T20:00:20+00:00","mainEntityOfPage":{"@id":"https:\/\/fdpatin.cl\/index.php\/2026\/01\/22\/el-hockey-se-une-por-el-sur\/"},"wordCount":133,"commentCount":0,"publisher":{"@id":"https:\/\/fdpatin.cl\/#organization"},"image":{"@id":"https:\/\/fdpatin.cl\/index.php\/2026\/01\/22\/el-hockey-se-une-por-el-sur\/#primaryimage"},"thumbnailUrl":"https:\/\/fdpatin.cl\/wp-content\/uploads\/2026\/01\/solidaridad.png","articleSection":["Institucional"],"inLanguage":"es","potentialAction":[{"@type":"CommentAction","name":"Comment","target":["https:\/\/fdpatin.cl\/index.php\/2026\/01\/22\/el-hockey-se-une-por-el-sur\/#respond"]}]},{"@type":"WebPage","@id":"https:\/\/fdpatin.cl\/index.php\/2026\/01\/22\/el-hockey-se-une-por-el-sur\/","url":"https:\/\/fdpatin.cl\/index.php\/2026\/01\/22\/el-hockey-se-une-por-el-sur\/","name":"El Hockey Se Une Por El Sur - FD Chilena de Patinaje","isPartOf":{"@id":"https:\/\/fdpatin.cl\/#website"},"primaryImageOfPage":{"@id":"https:\/\/fdpatin.cl\/index.php\/2026\/01\/22\/el-hockey-se-une-por-el-sur\/#primaryimage"},"image":{"@id":"https:\/\/fdpatin.cl\/index.php\/2026\/01\/22\/el-hockey-se-une-por-el-sur\/#primaryimage"},"thumbnailUrl":"https:\/\/fdpatin.cl\/wp-content\/uploads\/2026\/01\/solidaridad.png","datePublished":"2026-01-22T20:00:20+00:00","breadcrumb":{"@id":"https:\/\/fdpatin.cl\/index.php\/2026\/01\/22\/el-hockey-se-une-por-el-sur\/#breadcrumb"},"inLanguage":"es","potentialAction":[{"@type":"ReadAction","target":["https:\/\/fdpatin.cl\/index.php\/2026\/01\/22\/el-hockey-se-une-por-el-sur\/"]}]},{"@type":"ImageObject","inLanguage":"es","@id":"https:\/\/fdpatin.cl\/index.php\/2026\/01\/22\/el-hockey-se-une-por-el-sur\/#primaryimage","url":"https:\/\/fdpatin.cl\/wp-content\/uploads\/2026\/01\/solidaridad.png","contentUrl":"https:\/\/fdpatin.cl\/wp-content\/uploads\/2026\/01\/solidaridad.png","width":720,"height":450},{"@type":"BreadcrumbList","@id":"https:\/\/fdpatin.cl\/index.php\/2026\/01\/22\/el-hockey-se-une-por-el-sur\/#breadcrumb","itemListElement":[{"@type":"ListItem","position":1,"name":"Portada","item":"https:\/\/fdpatin.cl\/"},{"@type":"ListItem","position":2,"name":"El Hockey Se Une Por El Sur"}]},{"@type":"WebSite","@id":"https:\/\/fdpatin.cl\/#website","url":"https:\/\/fdpatin.cl\/","name":"FD Chilena de Patinaje","description":"","publisher":{"@id":"https:\/\/fdpatin.cl\/#organization"},"potentialAction":[{"@type":"SearchAction","target":{"@type":"EntryPoint","urlTemplate":"https:\/\/fdpatin.cl\/?s={search_term_string}"},"query-input":{"@type":"PropertyValueSpecification","valueRequired":true,"valueName":"search_term_string"}}],"inLanguage":"es"},{"@type":"Organization","@id":"https:\/\/fdpatin.cl\/#organization","name":"FD Chilena de Patinaje","url":"https:\/\/fdpatin.cl\/","logo":{"@type":"ImageObject","inLanguage":"es","@id":"https:\/\/fdpatin.cl\/#\/schema\/logo\/image\/","url":"https:\/\/fdpatin.cl\/wp-content\/uploads\/2023\/07\/Logo-fdpatin_new.png","contentUrl":"https:\/\/fdpatin.cl\/wp-content\/uploads\/2023\/07\/Logo-fdpatin_new.png","width":114,"height":90,"caption":"FD Chilena de Patinaje"},"image":{"@id":"https:\/\/fdpatin.cl\/#\/schema\/logo\/image\/"}},{"@type":"Person","@id":"https:\/\/fdpatin.cl\/#\/schema\/person\/d6998acd6075ce1c4f791a931dc932c4","name":"admin","image":{"@type":"ImageObject","inLanguage":"es","@id":"https:\/\/fdpatin.cl\/#\/schema\/person\/image\/","url":"https:\/\/secure.gravatar.com\/avatar\/3cd05e3a1d80656f5e9f6dd0a2ca93e0627323057146c6291766f7b7f8055955?s=96&d=mm&r=g","contentUrl":"https:\/\/secure.gravatar.com\/avatar\/3cd05e3a1d80656f5e9f6dd0a2ca93e0627323057146c6291766f7b7f8055955?s=96&d=mm&r=g","caption":"admin"},"sameAs":["https:\/\/fdpatin.cl"],"url":"https:\/\/fdpatin.cl\/index.php\/author\/adminfdn\/"}]}},"_links":{"self":[{"href":"https:\/\/fdpatin.cl\/index.php\/wp-json\/wp\/v2\/posts\/1013","targetHints":{"allow":["GET"]}}],"collection":[{"href":"https:\/\/fdpatin.cl\/index.php\/wp-json\/wp\/v2\/posts"}],"about":[{"href":"https:\/\/fdpatin.cl\/index.php\/wp-json\/wp\/v2\/types\/post"}],"author":[{"embeddable":true,"href":"https:\/\/fdpatin.cl\/index.php\/wp-json\/wp\/v2\/users\/1"}],"replies":[{"embeddable":true,"href":"https:\/\/fdpatin.cl\/index.php\/wp-json\/wp\/v2\/comments?post=1013"}],"version-history":[{"count":1,"href":"https:\/\/fdpatin.cl\/index.php\/wp-json\/wp\/v2\/posts\/1013\/revisions"}],"predecessor-version":[{"id":1015,"href":"https:\/\/fdpatin.cl\/index.php\/wp-json\/wp\/v2\/posts\/1013\/revisions\/1015"}],"wp:featuredmedia":[{"embeddable":true,"href":"https:\/\/fdpatin.cl\/index.php\/wp-json\/wp\/v2\/media\/1014"}],"wp:attachment":[{"href":"https:\/\/fdpatin.cl\/index.php\/wp-json\/wp\/v2\/media?parent=1013"}],"wp:term":[{"taxonomy":"category","embeddable":true,"href":"https:\/\/fdpatin.cl\/index.php\/wp-json\/wp\/v2\/categories?post=1013"},{"taxonomy":"post_tag","embeddable":true,"href":"https:\/\/fdpatin.cl\/index.php\/wp-json\/wp\/v2\/tags?post=1013"}],"curies":[{"name":"wp","href":"https:\/\/api.w.org\/{rel}","templated":true}]}}